{"id":262314,"date":"2025-11-29T16:31:29","date_gmt":"2025-11-29T16:31:29","guid":{"rendered":"https:\/\/www.europesays.com\/es\/262314\/"},"modified":"2025-11-29T16:31:29","modified_gmt":"2025-11-29T16:31:29","slug":"me-hacen-una-biopsia-para-descartar","status":"publish","type":"post","link":"https:\/\/www.europesays.com\/es\/262314\/","title":{"rendered":"Me hacen una biopsia para descartar"},"content":{"rendered":"<p><b>Violeta Mangri\u00f1\u00e1n<\/b> ha vuelto a abrirse en redes con la naturalidad que la caracteriza. La influencer sorprend\u00eda contando a sus seguidores que se ha despertado \u00abmalita, con malestar y dolor de garganta al tragar\u00bb despu\u00e9s de que sus hijos probablemente la contagiaran de un resfriado.<\/p>\n<p>La creadora de contenido lo ha explicado en una story de Instagram en la que despu\u00e9s de este punto, ha preocupado con desvelando que, tras ello, se ha sometido a <b>una ecograf\u00eda de mama rutinaria<\/b> que llevaba meses aplazando por trabajo y asuntos personales.<\/p>\n<p>\u00abMe han encontrado <b>un bultito muy peque\u00f1o<\/b>, parecido a un ganglio, pero <b>no recuerdo el nombre<\/b>. Me han asegurado que <b>es benigno<\/b>, igualmente <b>me hacen una biopsia<\/b> el 10 para descartar\u00bb, ha escrito, dejando entrever que el pr\u00f3ximo 10 de diciembre pasar\u00e1 por los especialistas. No obstante, Violeta se ha mostrado serena.<\/p>\n<p><img loading=\"lazy\" decoding=\"async\" title=\"Story de Violera Mangri\u00f1\u00e1n\" alt=\"Story de Violera Mangri\u00f1\u00e1n\" width=\"360\" height=\"640\" src=\"https:\/\/www.europesays.com\/es\/wp-content\/uploads\/2025\/11\/story-violera-mangrinan_68.jpg\"\/> Story de Violera Mangri\u00f1\u00e1n | Instagram @violeta <\/p>\n<p>Este contratiempo m\u00e9dico no es el primero que la influencer comparte. Hace unos a\u00f1os revelaba que padece <b>S\u00edndrome de Hashimoto<\/b>, una enfermedad autoinmune. Adem\u00e1s, en 2023 tuvo que someterse a una cirug\u00eda preventiva en la piel para retirarse un <b>bulto en el brazo<\/b>.<\/p>\n<p>Junto a ello, la valenciana siempre se ha mostrado sincera con sus seguidores sobre sus dolencias, <b><a title=\"hablando sin tapujos de almorranas\" href=\"https:\/\/www.antena3.com\/novamas\/gente\/violeta-mangrinan-habla-naturalidad-almorranas-que-han-salido-posparto-duele-que-mueres_2024022965e059ab29d814000164c76c.html\" target=\"_blank\" rel=\"nofollow noopener\">hablando sin tapujos de almorranas<\/a><\/b> o de los <b><a title=\"sangrados que tuvo en su embarazo\" href=\"https:\/\/www.antena3.com\/novamas\/gente\/violeta-mangrinan-vuelve-hospital-sangrado-semana-32-embarazo_20231205656f07d162c50d0001b93288.html\" target=\"_blank\" rel=\"nofollow noopener\">sangrados que tuvo en su embarazo<\/a><\/b>.<\/p>\n<p>Afortunadamente, todo apunta a que este nuevo episodio quedar\u00e1 en un susto, aunque vuelve a dar relevancia a la importancia de las <b>consultas preventivas<\/b>.<\/p>\n<p>   <img decoding=\"async\" title=\"Georgina Rodr\u00edguez y Cristiano Ronaldo\" alt=\"Georgina Rodr\u00edguez y Cristiano Ronaldo\" width=\"480\" height=\"270\" src=\"https:\/\/www.europesays.com\/es\/wp-content\/uploads\/2025\/11\/georgina-rodriguez-cristiano-ronaldo_70.jpg\" loading=\"lazy\" class=\"lazy\"\/><\/p>\n","protected":false},"excerpt":{"rendered":"Violeta Mangri\u00f1\u00e1n ha vuelto a abrirse en redes con la naturalidad que la caracteriza. La influencer sorprend\u00eda contando&hellip;\n","protected":false},"author":2,"featured_media":262315,"comment_status":"","ping_status":"","sticky":false,"template":"","format":"standard","meta":{"footnotes":""},"categories":[174],"tags":[255,146,147,25,24,256,23],"class_list":{"0":"post-262314","1":"post","2":"type-post","3":"status-publish","4":"format-standard","5":"has-post-thumbnail","7":"category-famosos","8":"tag-celebrities","9":"tag-entertainment","10":"tag-entretenimiento","11":"tag-es","12":"tag-espana","13":"tag-famosos","14":"tag-spain"},"share_on_mastodon":{"url":"https:\/\/pubeurope.com\/@es\/115633945850627145","error":""},"_links":{"self":[{"href":"https:\/\/www.europesays.com\/es\/wp-json\/wp\/v2\/posts\/262314","targetHints":{"allow":["GET"]}}],"collection":[{"href":"https:\/\/www.europesays.com\/es\/wp-json\/wp\/v2\/posts"}],"about":[{"href":"https:\/\/www.europesays.com\/es\/wp-json\/wp\/v2\/types\/post"}],"author":[{"embeddable":true,"href":"https:\/\/www.europesays.com\/es\/wp-json\/wp\/v2\/users\/2"}],"replies":[{"embeddable":true,"href":"https:\/\/www.europesays.com\/es\/wp-json\/wp\/v2\/comments?post=262314"}],"version-history":[{"count":0,"href":"https:\/\/www.europesays.com\/es\/wp-json\/wp\/v2\/posts\/262314\/revisions"}],"wp:featuredmedia":[{"embeddable":true,"href":"https:\/\/www.europesays.com\/es\/wp-json\/wp\/v2\/media\/262315"}],"wp:attachment":[{"href":"https:\/\/www.europesays.com\/es\/wp-json\/wp\/v2\/media?parent=262314"}],"wp:term":[{"taxonomy":"category","embeddable":true,"href":"https:\/\/www.europesays.com\/es\/wp-json\/wp\/v2\/categories?post=262314"},{"taxonomy":"post_tag","embeddable":true,"href":"https:\/\/www.europesays.com\/es\/wp-json\/wp\/v2\/tags?post=262314"}],"curies":[{"name":"wp","href":"https:\/\/api.w.org\/{rel}","templated":true}]}}