{"id":262316,"date":"2025-11-29T16:34:10","date_gmt":"2025-11-29T16:34:10","guid":{"rendered":"https:\/\/www.europesays.com\/es\/262316\/"},"modified":"2025-11-29T16:34:10","modified_gmt":"2025-11-29T16:34:10","slug":"perfecta-para-ver-del-tiron","status":"publish","type":"post","link":"https:\/\/www.europesays.com\/es\/262316\/","title":{"rendered":"perfecta para ver del tir\u00f3n"},"content":{"rendered":"<p data-gtm-element-container=\"modulo-texto-link\" class=\"paragraph\">En un entorno saturado de estrenos, &#8216;<strong>Malicia<\/strong>&#8216; destaca en<strong> Prime Video<\/strong> por su enfoque compacto y directo. La miniserie brit\u00e1nica aprovecha sus seis episodios para desplegar una historia contundente, construida con precisi\u00f3n y sin adornos. Su propuesta demuestra que una narrativa breve puede resultar igual de inmersiva cuando cada escena est\u00e1 pensada para impulsar la tensi\u00f3n.<\/p>\n<p data-gtm-element-container=\"modulo-texto-link\" class=\"paragraph\">La serie evita extender sus conflictos y apuesta por un ritmo constante que gu\u00eda al espectador sin distracciones. Esta claridad estructural favorece una experiencia intensa,<strong> ideal para quienes buscan relatos concisos pero cargados de emociones<\/strong>. &#8216;Malicia&#8217; se consolida as\u00ed como un ejemplo de c\u00f3mo la s\u00edntesis narrativa puede reforzar el impacto dram\u00e1tico.<\/p>\n<p>                <img loading=\"lazy\" decoding=\"async\" data-full-src=\"https:\/\/www.mundodeportivo.com\/uploads\/2025\/11\/18\/691cf8fe5715b.jpeg\" alt=\"Malicia\" width=\"449\" height=\"674\" src=\"https:\/\/www.europesays.com\/es\/wp-content\/uploads\/2025\/11\/691cf8fe5715b.jpeg\" class=\"lazy\"\/><\/p>\n<p class=\"caption-title \">Malicia<\/p>\n<p>                    Prime Video<\/p>\n<p>Sinopsis de &#8216;Malicia&#8217;<\/p>\n<p data-gtm-element-container=\"modulo-texto-link\" class=\"paragraph\">El protagonista, Adam, es un joven tutor con una <strong>inusual capacidad para observar y comprender <\/strong>los matices del comportamiento humano. Su talento y discreto encanto lo acercan a los Tanner, una familia poderosa cuyo estilo de vida parece impecable. La invitaci\u00f3n a unas vacaciones en Grecia abre para \u00e9l un mundo donde el lujo convive con un<strong> inquietante trasfondo dif\u00edcil de ignorar.<\/strong><\/p>\n<p><a href=\"https:\/\/primevideo-eu.pxf.io\/gOgjKg\" title=\"PRIME VIDEO\" rel=\"nofollow noreferrer noopener\" target=\"_blank\">SUSCR\u00cdBETE A PRIME VIDEO<\/a><\/p>\n<p data-gtm-element-container=\"modulo-texto-link\" class=\"paragraph\">Una vez instalado en ese para\u00edso privado, Adam nota que la armon\u00eda familiar es solo una fachada. Los silencios prolongados, las miradas esquivas y<strong> las tensiones soterradas revelan un pasado lleno de fisuras<\/strong>. La historia evoluciona hacia un thriller psicol\u00f3gico donde cada interacci\u00f3n sugiere algo oculto, escalando la sensaci\u00f3n de amenaza que impregna el ambiente desde los primeros episodios.<\/p>\n<p>                <img loading=\"lazy\" decoding=\"async\" data-full-src=\"https:\/\/www.mundodeportivo.com\/uploads\/2025\/11\/18\/691cf8ff0f046.jpeg\" alt=\"Malicia\" width=\"449\" height=\"337\" src=\"https:\/\/www.europesays.com\/es\/wp-content\/uploads\/2025\/11\/691cf8ff0f046.r_d.787-456.jpeg\" class=\"lazy\"\/><\/p>\n<p class=\"caption-title \">Malicia<\/p>\n<p>                    Prime Video<\/p>\n<p data-gtm-element-container=\"modulo-texto-link\" class=\"paragraph\">Gracias a su ritmo, &#8216;Malicia&#8217; ha logrado captar la atenci\u00f3n del p\u00fablico en muy poco tiempo. Con episodios breves y giros bien calculados, se posicion\u00f3 r\u00e1pidamente entre lo m\u00e1s visto de la plataforma. Su \u00e9xito demuestra que una miniserie puede resultar impactante cuando c<strong>ombina misterio, personajes complejos y una ejecuci\u00f3n narrativa pensada al detalle.<\/strong><\/p>\n","protected":false},"excerpt":{"rendered":"En un entorno saturado de estrenos, &#8216;Malicia&#8216; destaca en Prime Video por su enfoque compacto y directo. La&hellip;\n","protected":false},"author":2,"featured_media":262317,"comment_status":"","ping_status":"","sticky":false,"template":"","format":"standard","meta":{"footnotes":""},"categories":[171],"tags":[146,147,25,24,23,214],"class_list":{"0":"post-262316","1":"post","2":"type-post","3":"status-publish","4":"format-standard","5":"has-post-thumbnail","7":"category-tv","8":"tag-entertainment","9":"tag-entretenimiento","10":"tag-es","11":"tag-espana","12":"tag-spain","13":"tag-tv"},"share_on_mastodon":{"url":"https:\/\/pubeurope.com\/@es\/115633957943063449","error":""},"_links":{"self":[{"href":"https:\/\/www.europesays.com\/es\/wp-json\/wp\/v2\/posts\/262316","targetHints":{"allow":["GET"]}}],"collection":[{"href":"https:\/\/www.europesays.com\/es\/wp-json\/wp\/v2\/posts"}],"about":[{"href":"https:\/\/www.europesays.com\/es\/wp-json\/wp\/v2\/types\/post"}],"author":[{"embeddable":true,"href":"https:\/\/www.europesays.com\/es\/wp-json\/wp\/v2\/users\/2"}],"replies":[{"embeddable":true,"href":"https:\/\/www.europesays.com\/es\/wp-json\/wp\/v2\/comments?post=262316"}],"version-history":[{"count":0,"href":"https:\/\/www.europesays.com\/es\/wp-json\/wp\/v2\/posts\/262316\/revisions"}],"wp:featuredmedia":[{"embeddable":true,"href":"https:\/\/www.europesays.com\/es\/wp-json\/wp\/v2\/media\/262317"}],"wp:attachment":[{"href":"https:\/\/www.europesays.com\/es\/wp-json\/wp\/v2\/media?parent=262316"}],"wp:term":[{"taxonomy":"category","embeddable":true,"href":"https:\/\/www.europesays.com\/es\/wp-json\/wp\/v2\/categories?post=262316"},{"taxonomy":"post_tag","embeddable":true,"href":"https:\/\/www.europesays.com\/es\/wp-json\/wp\/v2\/tags?post=262316"}],"curies":[{"name":"wp","href":"https:\/\/api.w.org\/{rel}","templated":true}]}}