{"id":262318,"date":"2025-11-29T16:36:09","date_gmt":"2025-11-29T16:36:09","guid":{"rendered":"https:\/\/www.europesays.com\/es\/262318\/"},"modified":"2025-11-29T16:36:09","modified_gmt":"2025-11-29T16:36:09","slug":"james-cameron-promete-que-avatar-3-sera-la-pelicula-final-de-la-saga-si-se-cumple-este-requisito-si-espinof","status":"publish","type":"post","link":"https:\/\/www.europesays.com\/es\/262318\/","title":{"rendered":"James Cameron promete que &#039;Avatar 3&#039; ser\u00e1 la pel\u00edcula final de la saga si se cumple este requisito: &quot;Si&#8230; &#8211; Espinof"},"content":{"rendered":"<ol>\n<li><a href=\"https:\/\/news.google.com\/rss\/articles\/CBMi-gFBVV95cUxObFBhbGZCVTZHLTBRRkhIcVhtMXBNTkw4Z21MNUQzc3F1aE5xUXFNZjZGY1hfUXJGRUdGTUZTSGRveXM1aTRJYmJnX1pHOGxDRjBmZkt1c292SE43SmxscTNuTWFlOTh5Qm4xczRtY1ZITDhuR0Vpd1dBZnplRVF4S2tBME9LdF9LTXdINFVjZzlXaTRUNFhHa0N1VDRGdWF5RVRfd20tX3RsSVpJallRX1BHSHE0azdrZHVKbTI0NkZ2YmJlU0gwQzFDOXRrM1FnZDRic1RteVZXdUF4WXRnY2IxWm0zM2RxaGJBX0xRYl93RVR1VnN0MVZB0gH_AUFVX3lxTE9zamE4UEJ4Z2hPY1RNR1pvTkJjdGxsbEk5QUxtUWl3SURIS2J1cjBTZTRXblZPNnJEM3d1ci1lbGdfd2x2R0pybEd5SW12VE1wMkxaWGh6OUdNVk5aY2o3N1RmZ0NKbmtyX3lzNE9qSkoxVFdCZnhWR0tLQ09UZGk0Tm1MSTgxaDU4blZUOXAwdDZkcFhtYkRSSzhRbnhnbDFWeTRMdGdpSWZlWld4MkxvSmFIRFp1WEY0aGd6VS1TQ2Q3VWtHUFRzMEJwUEhWb2NLaVdMdlBKQVpheHN0NDVNeURnbldXMzRZajVZVWpJWEd5YlFiVWQ3UVNNdW5qNA?oc=5\" target=\"_blank\" rel=\"nofollow noopener\">James Cameron promete que &#8216;Avatar 3&#8217; ser\u00e1 la pel\u00edcula final de la saga si se cumple este requisito: \u00abSi&#8230;<\/a>&nbsp;&nbsp;Espinof<\/li>\n<li><a href=\"https:\/\/news.google.com\/rss\/articles\/CBMi8AFBVV95cUxNSGhUNVZIMUZuNDVEME0yMUJIbUNlMzNoNEhMdzFKMTBuWE1BN1BtNmpUUXJsbU50bExiaXV0LW41UXYwdGFlZnQ1Z0hSeF95N0lnQzF1c3RfSWpLSmdOZmNkU3FiNDdPakp6TXNRNWRFVDhHQkRkUnJqTk5QamJSWVZNbDRDcVY3cFFpNGtOSXBRN2R2ejUtaFk2V3VkX25oZXZmNFRfV01NQnNHSlFlNHpXNUxucUZwNXV6T0RuNi1DQWhkd0dQRGJpa2hFbWJfYmgtU01ZcGYyMFVqRWxHVUpIaEpSUFhGUVl3b3RwdWrSAYQCQVVfeXFMTlR6SlhTT0FZTy14SFlhLW85X1FaRElpeTk3dkhMYkVyd1pMWkhfeGVuVjgtUkp4OXp2cm1GdnRPVk5sODdnRXRaZjFLZmx0Y0NuaDhQd2QzZFNsRW5GNXJWd01Fd2xiNVhqQVFsSWpXQXloM1R4Sk5xbFVrcDYyM2xDX1pseHZsd0FYMHpaWWl5ckhncUVOUEY0LVVvOEp4TlFKeHVhdnFoYU92RkxTZ1JBSHkyZjNoVmE4NUZDZGhXcGp4QVhfbjhpcUU3SGkxMy1mNFBfbDF4dncxR2YydUxuQmNRVXB6cm9tU2p3dnhpVmRDQk5lSjhQZjQ0bXFIb3NHUm4?oc=5\" target=\"_blank\" rel=\"nofollow noopener\">\u00bfQuieres ir a la premi\u00e8re de &#8216;AVATAR: Fuego y ceniza&#8217;? Participa para ver antes que nadie la nueva entrega de la saga de James Cameron<\/a>&nbsp;&nbsp;LOS40<\/li>\n<li><a href=\"https:\/\/news.google.com\/rss\/articles\/CBMi2AFBVV95cUxOWVR0QVc5OThGZkM0Y19WQVVTN2NrWEFvMElQN3F1dWFKTFNBWmhCQkdqeDRONkFORG5qXzh6ZGhJTDJtcmMtdGNzVEpjRU51TVZMaTkwOEJFLTZmUDdwMURYZXRJd1ZEdzREMzR2VFhqU3ZrUXdidEQ2MDhmT0ZTYkZXZHVCaVkyVXZGR2VXZHlGQzkyXzlBUkl1djRVV29GbWk0NEZ0enVQTE5xQWhtQzJEcGdhdkFLNHE0YjJfbWJPVEthX1JRbEh0eVdWcUNSZ2JKR2JZMWk?oc=5\" target=\"_blank\" rel=\"nofollow noopener\">En 3 semanas se estrena la pel\u00edcula de ciencia ficci\u00f3n m\u00e1s importante del a\u00f1o, la secuela de uno de los mayores \u00e9xitos de taquilla de todos los tiempos<\/a>&nbsp;&nbsp;VidaExtra<\/li>\n<li><a href=\"https:\/\/news.google.com\/rss\/articles\/CBMia0FVX3lxTE14eXdab0I1UTZ6dDJHUHBqTWtoeDNlSldpSnFzODRDUkNxTml2Uld4dXR5SGhJTmh6RHlLVGRsVXNoUmE0eDg4Y3l6MkFXLUtudDJRSjQxeVNSWG0tTHgwc0tVX19SZ243R0Rr0gFwQVVfeXFMT05oTkpjS01xYy1yaEozcmFmcl83VHROOUpkR0FncXMzSTRIT2YwRkdhYUQtN2ZrVk9sMkpOZVR0LWRFTjdFa1BmT2paMG1MWlJmSUVsc2dMTklodkpOZVZjX281UThkdDhvOUl3VHdXag?oc=5\" target=\"_blank\" rel=\"nofollow noopener\">James Cameron ha recaudado 5.000 millones de d\u00f3lares con &#8216;Avatar&#8217;, pero no quiere que desperdicies tu dinero haciendo lo mismo una y otra vez<\/a>&nbsp;&nbsp;SensaCine<\/li>\n<li><a href=\"https:\/\/news.google.com\/rss\/articles\/CBMigAFBVV95cUxQRHg3UWEyRVNRVXpkclNGNS1TRUtFaTQzVWsyYTBfYk1iTUVWd004VXhwYzFzN0h4SG41SHRNcVhpWHhRWE1qUXA1S1RRall0RWZNY01RSld5WTQyQnBXQ1ROSlVDV0UwNFcydE9oUG9CYlF5cUc5VWVLU3RVdGRYYw?oc=5\" target=\"_blank\" rel=\"nofollow noopener\">AVATAR: FUEGO Y CENIZA | OFERTAS EXCLUSIVAS<\/a>&nbsp;&nbsp;Cinesa<\/li>\n<\/ol>\n","protected":false},"excerpt":{"rendered":"James Cameron promete que &#8216;Avatar 3&#8217; ser\u00e1 la pel\u00edcula final de la saga si se cumple este requisito:&hellip;\n","protected":false},"author":2,"featured_media":248356,"comment_status":"","ping_status":"","sticky":false,"template":"","format":"standard","meta":{"footnotes":""},"categories":[169],"tags":[177,146,147,25,24,176,175,23],"class_list":{"0":"post-262318","1":"post","2":"type-post","3":"status-publish","4":"format-standard","5":"has-post-thumbnail","7":"category-cine","8":"tag-cine","9":"tag-entertainment","10":"tag-entretenimiento","11":"tag-es","12":"tag-espana","13":"tag-film","14":"tag-movies","15":"tag-spain"},"share_on_mastodon":{"url":"","error":""},"_links":{"self":[{"href":"https:\/\/www.europesays.com\/es\/wp-json\/wp\/v2\/posts\/262318","targetHints":{"allow":["GET"]}}],"collection":[{"href":"https:\/\/www.europesays.com\/es\/wp-json\/wp\/v2\/posts"}],"about":[{"href":"https:\/\/www.europesays.com\/es\/wp-json\/wp\/v2\/types\/post"}],"author":[{"embeddable":true,"href":"https:\/\/www.europesays.com\/es\/wp-json\/wp\/v2\/users\/2"}],"replies":[{"embeddable":true,"href":"https:\/\/www.europesays.com\/es\/wp-json\/wp\/v2\/comments?post=262318"}],"version-history":[{"count":0,"href":"https:\/\/www.europesays.com\/es\/wp-json\/wp\/v2\/posts\/262318\/revisions"}],"wp:featuredmedia":[{"embeddable":true,"href":"https:\/\/www.europesays.com\/es\/wp-json\/wp\/v2\/media\/248356"}],"wp:attachment":[{"href":"https:\/\/www.europesays.com\/es\/wp-json\/wp\/v2\/media?parent=262318"}],"wp:term":[{"taxonomy":"category","embeddable":true,"href":"https:\/\/www.europesays.com\/es\/wp-json\/wp\/v2\/categories?post=262318"},{"taxonomy":"post_tag","embeddable":true,"href":"https:\/\/www.europesays.com\/es\/wp-json\/wp\/v2\/tags?post=262318"}],"curies":[{"name":"wp","href":"https:\/\/api.w.org\/{rel}","templated":true}]}}