{"id":262319,"date":"2025-11-29T16:37:17","date_gmt":"2025-11-29T16:37:17","guid":{"rendered":"https:\/\/www.europesays.com\/es\/262319\/"},"modified":"2025-11-29T16:37:17","modified_gmt":"2025-11-29T16:37:17","slug":"victoria-del-castilla-ante-el-barakaldo","status":"publish","type":"post","link":"https:\/\/www.europesays.com\/es\/262319\/","title":{"rendered":"Victoria del Castilla ante el Barakaldo"},"content":{"rendered":"<p>Tras el descanso, el Barakaldo logr\u00f3 devolver las tablas en el marcador. Control\u00f3 Albizua, cedi\u00f3 el bal\u00f3n a Sabin Merino y este super\u00f3 a\u00a0<b>Fran Gonz\u00e1lez<\/b>\u00a0con un tiro raso (51\u2019). La jugada se revis\u00f3 por una posible mano en el control de Albizua, pero el \u00e1rbitro no cambi\u00f3 su decisi\u00f3n. Poco despu\u00e9s, nuestro portero evit\u00f3 el segundo tanto visitante con una gran intervenci\u00f3n al cabezazo de Sabin Merino.<\/p>\n<p><b>El gol del triunfo<\/b><br \/>Con el partido abierto y alternativas para ambos conjuntos, fue el Castilla el que volvi\u00f3 a adelantarse. Avanz\u00f3\u00a0<b>Thiago<\/b>\u00a0desde el centro del campo, encontr\u00f3 a\u00a0<b>D. Jim\u00e9nez<\/b>\u00a0y le cedi\u00f3 un sensacional bal\u00f3n a la espalda de la zaga que el lateral madridista aprovech\u00f3 en el mano a mano. En los \u00faltimos minutos, el Castilla supo sufrir para mantener los tres puntos a pesar de quedarse con nueve por las rojas directas a\u00a0<b>Mesonero<\/b>\u00a0(90\u2019) y\u00a0<b>Leiva\u00a0<\/b>(99\u2019).\u00a0<b>Fran Gonz\u00e1lez<\/b>\u00a0se luci\u00f3 con intervenciones que evitaron el empate, una de ellas espectacular, al salvar un remate de chilena de Eric en los \u00faltimos instantes. El Castilla suma y sigue en el Di St\u00e9fano.<\/p>\n<p><b>FICHA T\u00c9CNICA:<br \/>2-Castilla<\/b>: Fran Gonz\u00e1lez, D. Jim\u00e9nez, Joan Mart\u00ednez, Valdepe\u00f1as, Manu Serrano, Cestero, Cristian David (Mesonero, 63\u2019), Thiago, Palacios (Lamini, 92), Y\u00e1\u00f1ez (Leiva, 63\u2019) y \u00c1lvaro Gin\u00e9s (Pol Fortuny, 80&#8242;).<b><br \/>1-Barakaldo<\/b>: Ispizua, U. Dufur (Borja Garc\u00eda, 45\u2019), Ekaitz (Vali\u00f1o, 75\u2019), U. Naveira, Pedernales, Eric, Arana, Galarza (Huidobro, 75\u2019), Mandiang (J. De Le\u00f3n, 45\u2019), San Bartolom\u00e9 (S. Merino, 40\u2019) y U. Albizua.<\/p>\n<p><b>Goles<br \/>1-0<\/b>\u00a0(min. 44):\u00a0<b>Palacios<\/b>.<br \/><b>1-1<\/b>\u00a0(min. 51):\u00a0<b>S. Merino<\/b>.<br \/><b>2-1<\/b>\u00a0(min. 73):\u00a0<b>D. Jim\u00e9nez<\/b>.<\/p>\n","protected":false},"excerpt":{"rendered":"Tras el descanso, el Barakaldo logr\u00f3 devolver las tablas en el marcador. Control\u00f3 Albizua, cedi\u00f3 el bal\u00f3n a&hellip;\n","protected":false},"author":2,"featured_media":262320,"comment_status":"","ping_status":"","sticky":false,"template":"","format":"standard","meta":{"footnotes":""},"categories":[93],"tags":[168,25,24,23,167],"class_list":{"0":"post-262319","1":"post","2":"type-post","3":"status-publish","4":"format-standard","5":"has-post-thumbnail","7":"category-deportes","8":"tag-deportes","9":"tag-es","10":"tag-espana","11":"tag-spain","12":"tag-sports"},"share_on_mastodon":{"url":"https:\/\/pubeurope.com\/@es\/115633969089065245","error":""},"_links":{"self":[{"href":"https:\/\/www.europesays.com\/es\/wp-json\/wp\/v2\/posts\/262319","targetHints":{"allow":["GET"]}}],"collection":[{"href":"https:\/\/www.europesays.com\/es\/wp-json\/wp\/v2\/posts"}],"about":[{"href":"https:\/\/www.europesays.com\/es\/wp-json\/wp\/v2\/types\/post"}],"author":[{"embeddable":true,"href":"https:\/\/www.europesays.com\/es\/wp-json\/wp\/v2\/users\/2"}],"replies":[{"embeddable":true,"href":"https:\/\/www.europesays.com\/es\/wp-json\/wp\/v2\/comments?post=262319"}],"version-history":[{"count":0,"href":"https:\/\/www.europesays.com\/es\/wp-json\/wp\/v2\/posts\/262319\/revisions"}],"wp:featuredmedia":[{"embeddable":true,"href":"https:\/\/www.europesays.com\/es\/wp-json\/wp\/v2\/media\/262320"}],"wp:attachment":[{"href":"https:\/\/www.europesays.com\/es\/wp-json\/wp\/v2\/media?parent=262319"}],"wp:term":[{"taxonomy":"category","embeddable":true,"href":"https:\/\/www.europesays.com\/es\/wp-json\/wp\/v2\/categories?post=262319"},{"taxonomy":"post_tag","embeddable":true,"href":"https:\/\/www.europesays.com\/es\/wp-json\/wp\/v2\/tags?post=262319"}],"curies":[{"name":"wp","href":"https:\/\/api.w.org\/{rel}","templated":true}]}}