{"id":262321,"date":"2025-11-29T16:39:11","date_gmt":"2025-11-29T16:39:11","guid":{"rendered":"https:\/\/www.europesays.com\/es\/262321\/"},"modified":"2025-11-29T16:39:11","modified_gmt":"2025-11-29T16:39:11","slug":"chef-dabiz-munoz-las-recetas-mas-importantes-en-el-mundo-son-la-paella-valenciana-el-cocido-madrileno-y-las-cocochas-al-pilpil","status":"publish","type":"post","link":"https:\/\/www.europesays.com\/es\/262321\/","title":{"rendered":"Chef Dabiz Mu\u00f1oz: \u201cLas recetas m\u00e1s importantes en el mundo son la paella valenciana, el cocido madrile\u00f1o y las cocochas al pilpil\u201d"},"content":{"rendered":"<p class=\"\">El <b>jueves 27 de noviembre<\/b>, <b>\u2018El Hormiguero\u2019 de Pablo Motos <\/b>recibi\u00f3 la visita de <b>Dabiz Mu\u00f1oz<\/b>, uno de los cocineros m\u00e1s reconocidos, reputados y aclamados en todo el mundo. El madrile\u00f1o, adem\u00e1s de publicitar su nuevo c\u00f3mic, present\u00f3 sus nuevos e innovadores turrones navide\u00f1os, los cuales, para este a\u00f1o, <b>recrean la textura y el gusto del chicken and waffle y la pizza margarita<\/b>.<\/p>\n<p class=\"\">Aprovechando la visita del chef internacional, Motos aprovech\u00f3 para hacerle diversas preguntas sobre <b>el mundo culinario y los gustos<\/b> del cocinero nacido en Madrid. As\u00ed, el conductor de \u2018El Hormiguero\u2019 se interes\u00f3 por conocer las recetas que, bajo el punto de vista de Dabiz Mu\u00f1oz, son<b> las m\u00e1s importantes e hist\u00f3ricas en todo el mundo<\/b>.<\/p>\n<p class=\"\"><b>\u201c\u00bfCu\u00e1l crees que es la receta hist\u00f3rica m\u00e1s importante del mundo?\u201d<\/b>, pregunt\u00f3, visiblemente interesado. No obstante, debido a las dificultades mostradas por el cocinero para dar una respuesta, calificando de <b>\u201cimposible\u201d <\/b>lo que le ped\u00eda el televisivo, Pablo Motos opt\u00f3 por rebajar sus pretensiones: <b>\u201cSi no es la m\u00e1s importante, una muy importante\u201d<\/b>, a\u00f1adi\u00f3.<\/p>\n<p>\u201cSon tres recetas impresionantes\u201d<\/p>\n<p class=\"\"><b>\u201cYo voy a tirar para lo m\u00edo. Voy a decir la paella valenciana, te voy a decir el cocido madrile\u00f1o y te voy a decir las cocochas al pilpil\u201d<\/b>, afirm\u00f3 Dabiz Mu\u00f1oz para, posteriormente, continuar diciendo que se trataban de<b> \u201ctres recetas impresionantes\u201d<\/b>: <b>\u201cDos te gustar\u00edan a ti y una no\u201d<\/b>, expres\u00f3.<\/p>\n<p>Noticias relacionadas<a href=\"https:\/\/as.com\/tikitakas\/famosos\/que-es-la-hipertimesia-el-extrano-trastorno-que-sufre-dabiz-munoz-y-padecen-menos-de-100-personas-en-el-mundo-f202511-n\/\" class=\"s_m_w\" title=\"El cocinero madrile\u00f1o se sincer\u00f3 y habl\u00f3, en \u2018El Hormiguero\u2019 de Pablo Motos, sobre este peculiar s\u00edndrome de la memoria.\" data-tb-link=\"\" rel=\"nofollow noopener\" target=\"_blank\"><img decoding=\"async\" src=\"https:\/\/www.europesays.com\/es\/wp-content\/uploads\/2025\/11\/74S2QP5BETPJB44VZOJB5PFD7Y.jpg\" alt=\"Qu\u00e9 es la hipertimesia, el trastorno que sufre Dabiz Mu\u00f1oz y padecen menos de 100 personas en el mundo\" class=\"\" height=\"9\" width=\"16\"   loading=\"lazy\" data-tb-thumbnail=\"\"\/><\/a><a href=\"https:\/\/as.com\/tikitakas\/famosos\/chef-dabiz-munoz-el-buen-pollo-frito-es-el-que-tiene-la-textura-crujiente-por-fuera-como-con-escamas-y-por-dentro-esta-tierno-y-jugoso-f202511-n\/\" class=\"s_m_w\" title=\"El chef madrile\u00f1o acudi\u00f3 a \u2018El Hormiguero\u2019, donde present\u00f3 su nuevo c\u00f3mic y sus nuevos e innovadores turrones navide\u00f1os.\" data-tb-link=\"\" rel=\"nofollow noopener\" target=\"_blank\"><img decoding=\"async\" src=\"https:\/\/www.europesays.com\/es\/wp-content\/uploads\/2025\/11\/1764434351_931_XLBUGU6NQFA55LVSYXALEI4BTE.jpg\" alt=\"Chef Dabiz Mu\u00f1oz: \u201cEl buen pollo frito es el que tiene la textura crujiente por fuera, con escamas, y por dentro est\u00e1 tierno\u201d \" class=\"\" height=\"9\" width=\"16\"   loading=\"lazy\" data-tb-thumbnail=\"\"\/><\/a><\/p>\n<p class=\"\">Para terminar, y ante el rechazo de Pablo Motos hacia las cocochas, la pareja de Cristina Pedroche justific\u00f3 su elecci\u00f3n: <b>\u201cUna buena cococha al pilpil es comer seda. Coges la cococha, te la metes en la boca, se envuelve en el aceite de oliva\u2026 Eso es comer seda\u201d<\/b>, concluy\u00f3.<\/p>\n<p class=\"\"><b>\u00a1Tus opiniones importan!<\/b> Comenta en los art\u00edculos y suscr\u00edbete gratis a nuestra <a href=\"https:\/\/asfan.as.com\/newsletters\/\" target=\"_blank\" rel=\"nofollow noopener\" title=\"https:\/\/asfan.as.com\/newsletters\/\">newsletter<\/a> y a las alertas informativas en la <a href=\"https:\/\/as.com\/aplicacion-de-as-n\/\" target=\"_blank\" rel=\"nofollow noopener\" title=\"https:\/\/as.com\/aplicacion-de-as-n\/\">App<\/a> o el canal de <a href=\"https:\/\/www.whatsapp.com\/channel\/0029VaAasdA7j6g745nz9M10\" target=\"_blank\" rel=\"nofollow noopener\" title=\"https:\/\/www.whatsapp.com\/channel\/0029VaAasdA7j6g745nz9M10\">WhatsApp<\/a>. \u00bfBuscas licenciar contenido? Haz clic <a href=\"https:\/\/profesional.elpais.com\/landing-sindicacion?utm_medium=interno&amp;utm_source=crosslinking&amp;utm_campaign=sindicacion_as_pie_articulos\" target=\"_blank\" rel=\"nofollow noopener\" title=\"https:\/\/profesional.elpais.com\/landing-sindicacion?utm_medium=interno&amp;utm_source=crosslinking&amp;utm_campaign=sindicacion_as_pie_articulos\">aqu\u00ed<\/a><\/p>\n","protected":false},"excerpt":{"rendered":"El jueves 27 de noviembre, \u2018El Hormiguero\u2019 de Pablo Motos recibi\u00f3 la visita de Dabiz Mu\u00f1oz, uno de&hellip;\n","protected":false},"author":2,"featured_media":262322,"comment_status":"","ping_status":"","sticky":false,"template":"","format":"standard","meta":{"footnotes":""},"categories":[91],"tags":[146,147,25,24,23],"class_list":{"0":"post-262321","1":"post","2":"type-post","3":"status-publish","4":"format-standard","5":"has-post-thumbnail","7":"category-entretenimiento","8":"tag-entertainment","9":"tag-entretenimiento","10":"tag-es","11":"tag-espana","12":"tag-spain"},"share_on_mastodon":{"url":"https:\/\/pubeurope.com\/@es\/115633977564375062","error":""},"_links":{"self":[{"href":"https:\/\/www.europesays.com\/es\/wp-json\/wp\/v2\/posts\/262321","targetHints":{"allow":["GET"]}}],"collection":[{"href":"https:\/\/www.europesays.com\/es\/wp-json\/wp\/v2\/posts"}],"about":[{"href":"https:\/\/www.europesays.com\/es\/wp-json\/wp\/v2\/types\/post"}],"author":[{"embeddable":true,"href":"https:\/\/www.europesays.com\/es\/wp-json\/wp\/v2\/users\/2"}],"replies":[{"embeddable":true,"href":"https:\/\/www.europesays.com\/es\/wp-json\/wp\/v2\/comments?post=262321"}],"version-history":[{"count":0,"href":"https:\/\/www.europesays.com\/es\/wp-json\/wp\/v2\/posts\/262321\/revisions"}],"wp:featuredmedia":[{"embeddable":true,"href":"https:\/\/www.europesays.com\/es\/wp-json\/wp\/v2\/media\/262322"}],"wp:attachment":[{"href":"https:\/\/www.europesays.com\/es\/wp-json\/wp\/v2\/media?parent=262321"}],"wp:term":[{"taxonomy":"category","embeddable":true,"href":"https:\/\/www.europesays.com\/es\/wp-json\/wp\/v2\/categories?post=262321"},{"taxonomy":"post_tag","embeddable":true,"href":"https:\/\/www.europesays.com\/es\/wp-json\/wp\/v2\/tags?post=262321"}],"curies":[{"name":"wp","href":"https:\/\/api.w.org\/{rel}","templated":true}]}}