{"id":262323,"date":"2025-11-29T16:40:18","date_gmt":"2025-11-29T16:40:18","guid":{"rendered":"https:\/\/www.europesays.com\/es\/262323\/"},"modified":"2025-11-29T16:40:18","modified_gmt":"2025-11-29T16:40:18","slug":"los-airpods-pro-3-ya-eran-tentadores-por-su-precio-original-ahora-son-irresistibles-con-su-oferta-de-black-friday","status":"publish","type":"post","link":"https:\/\/www.europesays.com\/es\/262323\/","title":{"rendered":"Los AirPods Pro 3 ya eran tentadores por su precio original. Ahora son irresistibles con su oferta de Black Friday"},"content":{"rendered":"<p>Independientemente de <a class=\"text-outboundlink\" href=\"https:\/\/www.applesfera.com\/rumores\/que-airpods-pro-3-bajasen-precio-puede-tener-explicacion-se-han-filtrado-unos-airpods-pro-pro-para-2026\" data-vars-post-title=\"Que los AirPods Pro 3 bajasen de precio puede tener una explicaci\u00f3n. Se han filtrado unos AirPods Pro m\u00e1s &#039;Pro&#039; para 2026 \" data-vars-post-url=\"https:\/\/www.applesfera.com\/rumores\/que-airpods-pro-3-bajasen-precio-puede-tener-explicacion-se-han-filtrado-unos-airpods-pro-pro-para-2026\" rel=\"nofollow noopener\" target=\"_blank\">cu\u00e1l pueda ser su explicaci\u00f3n<\/a>, los <a class=\"text-outboundlink\" href=\"https:\/\/www.applesfera.com\/analisis\/airpods-pro-3-analisis-caracteristicas-precio-especificaciones\" data-vars-post-title=\"AirPods Pro 3, an\u00e1lisis: Apple reinventa sus auriculares estrella con mejor sonido, mejor ajuste y nuevas funciones de salud\" data-vars-post-url=\"https:\/\/www.applesfera.com\/analisis\/airpods-pro-3-analisis-caracteristicas-precio-especificaciones\" rel=\"nofollow noopener\" target=\"_blank\">AirPods Pro 3<\/a> llegaron al mercado por 50 euros menos que sus antecesores. Y ante esa sorpresa, <a class=\"text-outboundlink\" href=\"https:\/\/www.applesfera.com\/airpods\/tengo-unos-airpods-pro-2-no-sabia-comprar-pro-3-he-probado-tengo-claro-que-me-quedo-pro-2\" data-vars-post-title=\"Tengo unos AirPods Pro 2 y no sab\u00eda si comprar los Pro 3. Los he probado y tengo claro por qu\u00e9 me quedo en los Pro 2\" data-vars-post-url=\"https:\/\/www.applesfera.com\/airpods\/tengo-unos-airpods-pro-2-no-sabia-comprar-pro-3-he-probado-tengo-claro-que-me-quedo-pro-2\" rel=\"nofollow noopener\" target=\"_blank\">algunos estuvimos tentados de renovarlos<\/a>. Tambi\u00e9n pens\u00e9 que no bajar\u00edan de precio tan r\u00e1pido dada la tesitura. Me equivocaba y ahora tengo un problema: <strong>su rebaja es demasiado jugosa<\/strong>. Y s\u00ed, ya est\u00e1n en mi cesta.<\/p>\n<p>AirPods Pro 3 con una rebaja del 12%<\/p>\n<p>De los 249 euros que costaron los AirPods Pro 3 en su lanzamiento, y que a\u00fan cuesta en las Apple Store y otras muchas tiendas, actualmente<strong> se ofrecen por 219 euros<\/strong> <a rel=\"nofollow, sponsored, noopener, noreferrer\" target=\"_blank\" class=\"js-ecommerce\" id=\"link-ecommerce-1\" href=\"https:\/\/www.applesfera.com\/redirect?url=https%3A%2F%2Fwww.amazon.es%2Fdp%2FB0FQF32239%2F&amp;category=airpods&amp;ecomPostExpiration=perish&amp;postId=167585\" data-vars-affiliate-url=\"https:\/\/www.amazon.es\/dp\/B0FQF32239\/\">en Amazon<\/a> y <a rel=\"nofollow, sponsored, noopener, noreferrer\" target=\"_blank\" class=\"js-ecommerce\" id=\"link-ecommerce-2\" href=\"https:\/\/www.applesfera.com\/redirect?url=https%3A%2F%2Fwww.mediamarkt.es%2Fes%2Fproduct%2F_apple-airpods-pro-3-2025-3a-gen-inalambricos-cancelacion-de-ruido-medicion-frecuencia-cardiaca-live-translation-chip-h2-usb-c-blanco-1606182.html&amp;category=airpods&amp;ecomPostExpiration=perish&amp;postId=167585\" data-vars-affiliate-url=\"https:\/\/www.mediamarkt.es\/es\/product\/_apple-airpods-pro-3-2025-3a-gen-inalambricos-cancelacion-de-ruido-medicion-frecuencia-cardiaca-live-translation-chip-h2-usb-c-blanco-1606182.html\">en MediaMarkt<\/a>. La rebaja es llamativa teniendo en cuenta que llevan tres meses en el mercado y que Apple no suele rebajarlos. Y si me preguntas, es suficiente para tentarnos.<\/p>\n<p> <a rel=\"nofollow, sponsored, noopener, noreferrer\" target=\"_blank\" href=\"https:\/\/www.applesfera.com\/redirect?site=applesfera&amp;url=https%3A%2F%2Fwww.mediamarkt.es%2Fes%2Fproduct%2F_apple-airpods-pro-3-2025-3a-gen-inalambricos-cancelacion-de-ruido-medicion-frecuencia-cardiaca-live-translation-chip-h2-usb-c-blanco-1606182.html&amp;affiliate_id=&amp;ecomPostExpiration=perish&amp;postId=167585\"><br \/>\n     <img loading=\"lazy\" decoding=\"async\" src=\"https:\/\/i.blogs.es\/b93f84\/21drjjhobol._sl500_\/original.webp\" onerror=\"this.src=\" https:=\"\" false=\"\" alt=\"Apple AirPods Pro 3 Auriculares inal\u00e1mbricos con cancelaci\u00f3n Activa de Ruido, medici\u00f3n de frecuencia Cardiaca, Auriculares Bluetooth, Audio Espacial, Sonido de Alta fidelidad y Carga por USB-C\" width=\"500\" height=\"500\"\/><br \/>\n   <\/a><\/p>\n<p class=\"pivot-ecommerce-desc\">Apple AirPods Pro 3 Auriculares inal\u00e1mbricos con cancelaci\u00f3n Activa de Ruido, medici\u00f3n de frecuencia Cardiaca, Auriculares Bluetooth, Audio Espacial, Sonido de Alta fidelidad y Carga por USB-C<\/p>\n<p>El precio podr\u00eda variar. Obtenemos comisi\u00f3n por estos enlaces<\/p>\n<p>Quiz\u00e1s, querido lector, creas que todo esto lo digo por convencerte y llevarme una comisi\u00f3n o algo as\u00ed. Y s\u00ed, tenemos enlaces referidos en Applesfera, pero es que <strong>de verdad que valen mucho la pena a este precio<\/strong>. No s\u00e9 si tanto teniendo unos <a class=\"text-outboundlink\" href=\"https:\/\/www.applesfera.com\/analisis\/apple-airpods-pro-2-analisis-caracteristicas-precio-especificaciones\" data-vars-post-title=\"AirPods Pro 2, an\u00e1lisis: superpoderes para tus o\u00eddos\" data-vars-post-url=\"https:\/\/www.applesfera.com\/analisis\/apple-airpods-pro-2-analisis-caracteristicas-precio-especificaciones\" rel=\"nofollow noopener\" target=\"_blank\">AirPods Pro 2<\/a> como es mi caso, pero s\u00ed en el resto de circunstancias.<\/p>\n<p>Si tienes unos AirPods m\u00e1s antiguos o directamente no tienes, estos &#8216;Pro 3&#8217; son los m\u00e1s redondos que ha hecho Apple. Las novedades <strong>se notan desde que nos los ponemos<\/strong>, dado que ahora se ajustan mejor gracias a que se incluyen hasta cinco tallas de almohadillas. Aunque hay mucho m\u00e1s.<\/p>\n<p>La <strong>calidad de sonido y cancelaci\u00f3n de ruido <\/strong>tambi\u00e9n han mejorado, ofreciendo una experiencia m\u00e1s inmersiva, con mayor claridad de sonido en frecuencias medias. Incluso los micr\u00f3fonos se perciben con mejor calidad, especialmente \u00fatil en llamadas si le sumamos las <a class=\"text-outboundlink\" href=\"https:\/\/www.applesfera.com\/tutoriales\/mis-amigos-me-preguntan-que-se-me-escucha-bien-llamadas-que-hago-iphone-respuesta-esta-este-ajuste\" data-vars-post-title=\"Mis amigos me preguntan por qu\u00e9 se me escucha tan bien en las llamadas que hago con el iPhone. La respuesta est\u00e1 en este ajuste\" data-vars-post-url=\"https:\/\/www.applesfera.com\/tutoriales\/mis-amigos-me-preguntan-que-se-me-escucha-bien-llamadas-que-hago-iphone-respuesta-esta-este-ajuste\" rel=\"nofollow noopener\" target=\"_blank\">funciones de aislamiento del iPhone<\/a>.<\/p>\n<p>    <a href=\"https:\/\/www.applesfera.com\/apple-1\/cuatro-dias-black-friday-apple-estas-tarjetas-regalo-comprar-iphone-mac-airpods-otros-dispositivos\" class=\"pivot-outboundlink\" data-vars-post-title=\"Cuatro d\u00edas de Black Friday en Apple: estas son las tarjetas regalo por comprar iPhone, Mac, AirPods y otros dispositivos \" rel=\"nofollow noopener\" target=\"_blank\"><br \/>\n     <img loading=\"lazy\" decoding=\"async\" alt=\"Cuatro d\u00edas de Black Friday en Apple: estas son las tarjetas regalo por comprar iPhone, Mac, AirPods y otros dispositivos \" width=\"375\" height=\"142\" src=\"https:\/\/i.blogs.es\/7a3e85\/apple-bf\/375_142.webp\" onerror=\"this.src=\" https:=\"\"\/><br \/>\n    <\/a><\/p>\n<p>Tambi\u00e9n <strong>van sobrados en cuanto a autonom\u00eda<\/strong>. Incluso con la cancelaci\u00f3n de ruido activada, siendo una de las que m\u00e1s consume, se pueden llegar a tener hasta ocho horas de reproducci\u00f3n. El estuche se puede recargar perfectamente una vez a la semana e incluso menos si no usamos tanto los AirPods. Y con una sola carga de cinco minutos de los auriculares, ya se nos da para una hora de reproducci\u00f3n.<\/p>\n<p>Aparte, y al igual que otros anteriores, estos AirPods Pro 3 son <strong>compatibles con funciones \u00abespeciales\u00bb<\/strong> como la <a class=\"text-outboundlink\" href=\"https:\/\/www.applesfera.com\/airpods\/preguntas-respuestas-traduccion-tiempo-real-airpods-espana\" data-vars-post-title=\"Preguntas y respuestas sobre la traducci\u00f3n en tiempo real de los AirPods en Espa\u00f1a \" data-vars-post-url=\"https:\/\/www.applesfera.com\/airpods\/preguntas-respuestas-traduccion-tiempo-real-airpods-espana\" rel=\"nofollow noopener\" target=\"_blank\">traducci\u00f3n en tiempo real<\/a>, el <a class=\"text-outboundlink\" href=\"https:\/\/www.applesfera.com\/nuevo\/audio-espacial-airpods-pro-airpods-max\" data-vars-post-title=\"Audio espacial: qu\u00e9 es, dispositivos compatibles y por qu\u00e9 es tan importante para Apple\" data-vars-post-url=\"https:\/\/www.applesfera.com\/nuevo\/audio-espacial-airpods-pro-airpods-max\" rel=\"nofollow noopener\" target=\"_blank\">audio espacial<\/a> o el <a class=\"text-outboundlink\" href=\"https:\/\/www.applesfera.com\/trucos\/me-acaban-regalar-unos-airpods-este-mejor-ajuste-para-estrenarlos-todo-alto\" data-vars-post-title=\"Me acaban de regalar unos AirPods y este es el mejor ajuste para estrenarlos por todo lo alto \" data-vars-post-url=\"https:\/\/www.applesfera.com\/trucos\/me-acaban-regalar-unos-airpods-este-mejor-ajuste-para-estrenarlos-todo-alto\" rel=\"nofollow noopener\" target=\"_blank\">audio adaptativo<\/a>. Hasta <a class=\"text-outboundlink\" href=\"https:\/\/www.applesfera.com\/tutoriales\/como-medir-frecuencia-cardiaca-airpods-asi-se-activa-se-consulta-app-salud-paso-a-paso\" data-vars-post-title=\"C\u00f3mo medir la frecuencia cardiaca con los AirPods: as\u00ed se activa y se consulta en la app Salud, paso a paso\" data-vars-post-url=\"https:\/\/www.applesfera.com\/tutoriales\/como-medir-frecuencia-cardiaca-airpods-asi-se-activa-se-consulta-app-salud-paso-a-paso\" rel=\"nofollow noopener\" target=\"_blank\">tienen un sensor de frecuencia card\u00edaca<\/a>. As\u00ed que creo que es una muy buena elecci\u00f3n. Tanto que, como ya advert\u00eda, es probable que al momento de publicar este art\u00edculo ya le haya dado al bot\u00f3n de comprar.\u00a0<\/p>\n<p>Algunos de los enlaces de este art\u00edculo son afiliados y pueden reportar un beneficio econ\u00f3mico a Applesfera. En caso de no disponibilidad, las ofertas pueden variar.<\/p>\n<p>En Applesfera | <a class=\"text-outboundlink\" href=\"https:\/\/www.applesfera.com\/tutoriales\/actualizar-airpods-guia-paso-a-paso-para-poner-tus-auriculares-al-dia-2022\" data-vars-post-title=\"Actualizar AirPods: gu\u00eda paso a paso para poner tus auriculares al d\u00eda (2025)\" data-vars-post-url=\"https:\/\/www.applesfera.com\/tutoriales\/actualizar-airpods-guia-paso-a-paso-para-poner-tus-auriculares-al-dia-2022\" rel=\"nofollow noopener\" target=\"_blank\">Actualizar AirPods: gu\u00eda paso a paso para poner tus auriculares al d\u00eda (2025)<\/a><\/p>\n<p>En Applesfera | <a class=\"text-outboundlink\" href=\"https:\/\/www.applesfera.com\/nuevo\/apple-airpods-5-informacion\" data-vars-post-title=\"Nuevos AirPods 5 - Todo lo que creemos saber sobre los pr\u00f3ximos auriculares de Apple\" data-vars-post-url=\"https:\/\/www.applesfera.com\/nuevo\/apple-airpods-5-informacion\" rel=\"nofollow noopener\" target=\"_blank\">Nuevos AirPods 5 &#8211; Todo lo que creemos saber sobre los pr\u00f3ximos auriculares de Apple<\/a><\/p>\n","protected":false},"excerpt":{"rendered":"Independientemente de cu\u00e1l pueda ser su explicaci\u00f3n, los AirPods Pro 3 llegaron al mercado por 50 euros menos&hellip;\n","protected":false},"author":2,"featured_media":262324,"comment_status":"","ping_status":"","sticky":false,"template":"","format":"standard","meta":{"footnotes":""},"categories":[81],"tags":[119,123,124,25,24,117,121,122,23,118,120],"class_list":{"0":"post-262323","1":"post","2":"type-post","3":"status-publish","4":"format-standard","5":"has-post-thumbnail","7":"category-ciencia-y-tecnologia","8":"tag-ciencia","9":"tag-ciencia-y-tecnologia","10":"tag-cienciaytecnologia","11":"tag-es","12":"tag-espana","13":"tag-science","14":"tag-science-and-technology","15":"tag-scienceandtechnology","16":"tag-spain","17":"tag-technology","18":"tag-tecnologia"},"share_on_mastodon":{"url":"https:\/\/pubeurope.com\/@es\/115633981108179318","error":""},"_links":{"self":[{"href":"https:\/\/www.europesays.com\/es\/wp-json\/wp\/v2\/posts\/262323","targetHints":{"allow":["GET"]}}],"collection":[{"href":"https:\/\/www.europesays.com\/es\/wp-json\/wp\/v2\/posts"}],"about":[{"href":"https:\/\/www.europesays.com\/es\/wp-json\/wp\/v2\/types\/post"}],"author":[{"embeddable":true,"href":"https:\/\/www.europesays.com\/es\/wp-json\/wp\/v2\/users\/2"}],"replies":[{"embeddable":true,"href":"https:\/\/www.europesays.com\/es\/wp-json\/wp\/v2\/comments?post=262323"}],"version-history":[{"count":0,"href":"https:\/\/www.europesays.com\/es\/wp-json\/wp\/v2\/posts\/262323\/revisions"}],"wp:featuredmedia":[{"embeddable":true,"href":"https:\/\/www.europesays.com\/es\/wp-json\/wp\/v2\/media\/262324"}],"wp:attachment":[{"href":"https:\/\/www.europesays.com\/es\/wp-json\/wp\/v2\/media?parent=262323"}],"wp:term":[{"taxonomy":"category","embeddable":true,"href":"https:\/\/www.europesays.com\/es\/wp-json\/wp\/v2\/categories?post=262323"},{"taxonomy":"post_tag","embeddable":true,"href":"https:\/\/www.europesays.com\/es\/wp-json\/wp\/v2\/tags?post=262323"}],"curies":[{"name":"wp","href":"https:\/\/api.w.org\/{rel}","templated":true}]}}