{"id":262327,"date":"2025-11-29T16:43:08","date_gmt":"2025-11-29T16:43:08","guid":{"rendered":"https:\/\/www.europesays.com\/es\/262327\/"},"modified":"2025-11-29T16:43:08","modified_gmt":"2025-11-29T16:43:08","slug":"muere-el-expresidente-valenciano-jose-luis-olivas","status":"publish","type":"post","link":"https:\/\/www.europesays.com\/es\/262327\/","title":{"rendered":"Muere el expresidente valenciano Jos\u00e9 Luis Olivas"},"content":{"rendered":"<p>El <strong>expresidente de la Generalitat Valenciana<\/strong> <strong>Jos\u00e9 Luis Olivas<\/strong> ha fallecido este s\u00e1bado a los 73 a\u00f1os de edad, tal y como han confirmado fuentes del Partido Popular valenciano. Olivas fue el tercer presidente auton\u00f3mico que tuvo la Comunidad Valenciana, cargo que ocup\u00f3 brevemente entre <strong>2002 y 2003<\/strong>, y fue secretario general del PP valenciano entre 1993 y 2002.<\/p>\n<p>Olivas fue <strong>el primer presidente en esta autonom\u00eda investido sin haber sido candidato<\/strong> en las elecciones y tambi\u00e9n fue<strong> el m\u00e1s ef\u00edmero,<\/strong> ya que solo estuvo en el cargo once meses, desde la dimisi\u00f3n de Eduardo Zaplana para incorporarse al gobierno de Jos\u00e9 Mar\u00eda Aznar hasta la celebraci\u00f3n de las elecciones auton\u00f3micas, en las que el candidato fue Francisco Camps. Ahora, OIivas es tambi\u00e9n el primer &#8216;president&#8217; valenciano que muere en democracia.<\/p>\n<p>Se da la circunstancia de que su fallecimiento se produce tres d\u00edas antes de que comience el debate de investidura del &#8216;popular&#8217; <strong>Juan Francisco P\u00e9rez Llorca<\/strong>, que tampoco fue candidato en las \u00faltimas eleccione pero ha sido designado por su partido para sustituir a Carlos Maz\u00f3n al frente de la Generalitat, tras la dimisi\u00f3n de \u00e9ste a ra\u00edz de las cr\u00edticas a su gesti\u00f3n el d\u00eda de la dana.<\/p>\n<p>Olivas ocup\u00f3 otros cargos con el PP: diputado auton\u00f3mico entre 1995 t 2993, conseller de 1995 a 1999 y vicepresidente desde 1999 a 2002, a\u00f1o en que ocup\u00f3 el cargo de &#8216;president&#8217;.<\/p>\n<p>Una pol\u00e9mica trayectoria bancaria y una condena<\/p>\n<p>Aparte de su trayectoria pol\u00edtica, Olivas cuenta con una amplia carrera en la banca, no exenta de altibajos, que le llevaron a ser detenido, condenado y absuelto.<\/p>\n<p>Fue <strong>presidente del Banco de Valencia<\/strong> hasta que dimiti\u00f3 en 2011, una semana antes de que se publicara el riesgo de quiebra de esta entidad financiera. Y ocurri\u00f3 algo similar con su cargo de vicepresidente de <strong>Bankia<\/strong>, que tambi\u00e9n ocup\u00f3 hasta 2011, a\u00f1o en que el banco sali\u00f3 a bolsa. <strong>La Audiencia Nacional <\/strong>que investigaba el \u00abcaso Bankia\u00bb<strong><a href=\"https:\/\/www.rtve.es\/noticias\/20200929\/audiencia-nacional-absuelve-a-rato-a-33-acusados-juicio-por-salida-a-bolsa-bankia\/2043231.shtml\" rel=\"nofollow noopener\" target=\"_blank\"> le absolvi\u00f3<\/a><\/strong> en 2020. Adem\u00e1s, tambi\u00e9n<strong> fue presidente de Bancaja<\/strong>. <\/p>\n<p><strong><a href=\"https:\/\/www.rtve.es\/noticias\/20150629\/detienen-expolitico-banquero-valenciano-jose-luis-olivas-a-ocho-persona-mas-por-estafa-malversacion\/1170382.shtml\" rel=\"nofollow noopener\" target=\"_blank\">En 2015 fue detenido por la Unidad Central Operativa (UCO)<\/a><\/strong> de la Guardia Civil, junto con otros ex altos cargos de Bancaja y Banco de Valencia, acusado de estafa y malversaci\u00f3n. Y dos a\u00f1os m\u00e1s tarde, fue <a href=\"https:\/\/www.rtve.es\/noticias\/20170113\/ano-medio-prision-para-expresidente-generalitat-valenciana-bancaja-jose-luis-olivas-por-falsificar-factura\/1472975.shtml\" rel=\"nofollow noopener\" target=\"_blank\">condenado a un a\u00f1o y medio de prisi\u00f3n<\/a> y a pagar una multa de 151.800 euros por <strong>falsificar una factura<\/strong> para justificar un ingreso de 500.000 euros por unos supuestos servicios de asesoramiento a Vicente Cotino, sobrino del expresidente de Les Corts Juan Cotino, que nunca realiz\u00f3. <\/p>\n<p>Olivas empez\u00f3 su carrera pol\u00edtica en las filas de <strong>UCD<\/strong>, partido del que fue<strong> uno de los fundadores, <\/strong>y en las primera elecciones democr\u00e1ticas fue elegido concejal en Valencia, aunque posteriormente milit\u00f3 en el PP, donde fue tambi\u00e9n concejal, conseller y, en el \u00e1mbito org\u00e1nico, secretario general del partido. <\/p>\n","protected":false},"excerpt":{"rendered":"El expresidente de la Generalitat Valenciana Jos\u00e9 Luis Olivas ha fallecido este s\u00e1bado a los 73 a\u00f1os de&hellip;\n","protected":false},"author":2,"featured_media":262328,"comment_status":"","ping_status":"","sticky":false,"template":"","format":"standard","meta":{"footnotes":""},"categories":[8],"tags":[17,18,25,24,13,14,11,19,20,9,10,15,16,23,12,21,22],"class_list":{"0":"post-262327","1":"post","2":"type-post","3":"status-publish","4":"format-standard","5":"has-post-thumbnail","7":"category-espana","8":"tag-breaking-news","9":"tag-breakingnews","10":"tag-es","11":"tag-espana","12":"tag-featured-news","13":"tag-featurednews","14":"tag-headlines","15":"tag-latest-news","16":"tag-latestnews","17":"tag-news","18":"tag-noticias","19":"tag-noticias-destacadas","20":"tag-noticiasdestacadas","21":"tag-spain","22":"tag-titulares","23":"tag-ultimas-noticias","24":"tag-ultimasnoticias"},"share_on_mastodon":{"url":"https:\/\/pubeurope.com\/@es\/115633992890738700","error":""},"_links":{"self":[{"href":"https:\/\/www.europesays.com\/es\/wp-json\/wp\/v2\/posts\/262327","targetHints":{"allow":["GET"]}}],"collection":[{"href":"https:\/\/www.europesays.com\/es\/wp-json\/wp\/v2\/posts"}],"about":[{"href":"https:\/\/www.europesays.com\/es\/wp-json\/wp\/v2\/types\/post"}],"author":[{"embeddable":true,"href":"https:\/\/www.europesays.com\/es\/wp-json\/wp\/v2\/users\/2"}],"replies":[{"embeddable":true,"href":"https:\/\/www.europesays.com\/es\/wp-json\/wp\/v2\/comments?post=262327"}],"version-history":[{"count":0,"href":"https:\/\/www.europesays.com\/es\/wp-json\/wp\/v2\/posts\/262327\/revisions"}],"wp:featuredmedia":[{"embeddable":true,"href":"https:\/\/www.europesays.com\/es\/wp-json\/wp\/v2\/media\/262328"}],"wp:attachment":[{"href":"https:\/\/www.europesays.com\/es\/wp-json\/wp\/v2\/media?parent=262327"}],"wp:term":[{"taxonomy":"category","embeddable":true,"href":"https:\/\/www.europesays.com\/es\/wp-json\/wp\/v2\/categories?post=262327"},{"taxonomy":"post_tag","embeddable":true,"href":"https:\/\/www.europesays.com\/es\/wp-json\/wp\/v2\/tags?post=262327"}],"curies":[{"name":"wp","href":"https:\/\/api.w.org\/{rel}","templated":true}]}}