{"id":262329,"date":"2025-11-29T16:44:24","date_gmt":"2025-11-29T16:44:24","guid":{"rendered":"https:\/\/www.europesays.com\/es\/262329\/"},"modified":"2025-11-29T16:44:24","modified_gmt":"2025-11-29T16:44:24","slug":"no-debe-pedir-ayuda-a-los-empresarios-catalanes-sino-perdon","status":"publish","type":"post","link":"https:\/\/www.europesays.com\/es\/262329\/","title":{"rendered":"No debe pedir ayuda a los empresarios catalanes, sino perd\u00f3n"},"content":{"rendered":"<p class=\"L6-news-detail__text\">El secretario general de JxCat, Jordi Turull, se ha dirigido este s\u00e1bado al presidente del PP, Alberto N\u00fa\u00f1ez Feij\u00f3o, para decirle que no debe \u00abpedir ayuda a los empresarios\u00bb para <b><a title=\"que Junts apoye una moci\u00f3n de censura contra Pedro S\u00e1nchez\" href=\"https:\/\/www.lasexta.com\/noticias\/nacional\/feijoo-pide-empresarios-catalanes-que-convenzan-junts-que-apoye-mocion-censura-faltan-votos-suyos_2025112869299f9c6e5e5012dcd249c3.html\" target=\"_blank\" rel=\"nofollow noopener\">que Junts apoye una moci\u00f3n de censura contra Pedro S\u00e1nchez<\/a><\/b>, sino que debe \u00abpedir perd\u00f3n\u00bb por su <b>\u00abboicot\u00bb a la oficialidad del catal\u00e1n<\/b> en Europa.<\/p>\n<p class=\"L6-news-detail__text\">En su intervenci\u00f3n en abierto ante el Consell Nacional de JxCat, Turull ha respondido al llamamiento que hizo Feij\u00f3o este viernes a los empresarios catalanes en un acto de la patronal Foment del Treball en Barcelona, donde declar\u00f3 que le faltaban \u00abvotos de los suyos\u00bb para que esta eventual moci\u00f3n de censura saliera adelante.<\/p>\n<p class=\"L6-news-detail__text\">El secretario general de JxCat, que <b>ha tachado de \u00abosad\u00eda\u00bb el llamamiento<\/b> de Feij\u00f3o, ha defendido que el l\u00edder del PP deber\u00eda disculparse ante la sociedad catalana \u00abpor pedir a tantos empresarios que se vayan de Catalu\u00f1a y no pedir que vuelvan\u00bb. \u00abTambi\u00e9n <b>tiene que pedir perd\u00f3n a los barceloneses <\/b>y a los catalanes por la moci\u00f3n de censura preventiva que le hizo a Xavier Trias pactando con Jaume Collboni\u00bb, ha se\u00f1alado Turull, en referencia al apoyo del PP al candidato socialista a la alcald\u00eda de Barcelona en 2023.<\/p>\n<p class=\"L6-news-detail__text\">En la misma l\u00ednea, Turull ha expresado que <b>Junts no es \u00abla muleta de nadie\u00bb<\/b>, que solo se mueve por la defensa de Catalu\u00f1a y que han sido \u00abconsecuentes\u00bb con sus planteamientos al romper sus acuerdos con el PSOE. Por ello, ha emplazado al conjunto de militantes y cuadros de JxCat a \u00abno dejarse impresionar\u00bb ni caer en la tentaci\u00f3n de \u00abdar volantazos\u00bb para dejar de ser \u00abaquella formaci\u00f3n serena, que trabaja incansablemente para ser una alternativa en Catalu\u00f1a\u00bb.<\/p>\n<p class=\"L6-news-detail__text\">Asimismo, tambi\u00e9n ha hecho referencia al reciente informe del abogado general de la Uni\u00f3n Europea sobre la ley de amnist\u00eda, un \u00abgran paso para visualizar el retorno\u00bb a Catalu\u00f1a del expresidente de la Generalitat Carles Puigdemont, que marcar\u00e1 \u00abun antes y un despu\u00e9s en el tablero pol\u00edtico actual\u00bb.<\/p>\n<p>Catalu\u00f1a no puede caer en la \u00abderiva\u00bb de Alian\u00e7a<\/p>\n<p class=\"L6-news-detail__text\">Por otro lado, Turull se ha referido a la \u00faltima encuesta del Centre d&#8217;Estudis d&#8217;Opini\u00f3 (CEO) de la Generalitat, que proyecta un <b><a title=\"crecimiento de la formaci\u00f3n xen\u00f3foba Alian\u00e7a Catalana\" href=\"https:\/\/www.lasexta.com\/noticias\/nacional\/cis-catalan-pronostica-victoria-electoral-psc-empate-tecnico-alianca-catalana-junts_20251124692430ec8080bd5ad6223e58.html\" target=\"_blank\" rel=\"nofollow noopener\">crecimiento de la formaci\u00f3n xen\u00f3foba Alian\u00e7a Catalana<\/a><\/b> hasta los 19 esca\u00f1os en el Parlament y un eventual empate con Junts, de la que ha criticado sus \u00absesgos\u00bb.<\/p>\n<p class=\"L6-news-detail__text\">Ante esta tesitura, Turull ha asegurado que <b>Catalu\u00f1a \u00abno puede caer en la deriva\u00bb<\/b> de un partido que \u00abtransforma el malestar en odio\u00bb y que el catalanismo \u00abno puede caer en un proyecto excluyente que base su propuesta en el odio, el miedo y la divisi\u00f3n de la sociedad\u00bb. Por ello, ha dicho que JxCat afronta unos \u00abmeses decisivos\u00bb para ser \u00abla \u00fanica alternativa posible al Govern de Salvador Illa\u00bb ante un PSC que \u00abha renunciado a defender a los ciudadanos de las clases medias\u00bb.<\/p>\n<p class=\"L6-news-detail__text\"><b><a title=\"*Sigue a laSexta en Google. Toda la actualidad y el mejor contenido aqu\u00ed.\" href=\"https:\/\/profile.google.com\/cp\/CgkvbS8wZG5xejA\" target=\"_blank\" rel=\"nofollow noopener\">*Sigue a laSexta en Google. Toda la actualidad y el mejor contenido aqu\u00ed.<\/a><\/b><\/p>\n<p class=\"L6-support-news-video__title\">Defiende su inocencia<\/p>\n<p>            <a href=\"https:\/\/www.lasexta.com\/noticias\/nacional\/nombre-abalos-perfil-exministro-sigue-activo-aunque-cambios-entrada-prision_20251129692afea66e5e5012dcd3932d.html\" class=\"L6-news__link\" rel=\"nofollow noopener\" target=\"_blank\"><br \/>\n                \u00abEn nombre de \u00c1balos\u00bb: el perfil del exministro en X sigue activo (aunque con cambios) tras su entrada en prisi\u00f3n<\/p>\n<p class=\"recirculation-video-desc\">Los detalles \u00ab\u00a1Soy inocente! Aunque pidan 24 a\u00f1os por delitos que no he cometido, luchar\u00e9 por la vedad y la justicia, aunque digan que soy culpable\u00bb, reza la descripci\u00f3n actual del perfil del diputado.<\/p>\n<p>            <\/a><\/p>\n","protected":false},"excerpt":{"rendered":"El secretario general de JxCat, Jordi Turull, se ha dirigido este s\u00e1bado al presidente del PP, Alberto N\u00fa\u00f1ez&hellip;\n","protected":false},"author":2,"featured_media":262330,"comment_status":"","ping_status":"","sticky":false,"template":"","format":"standard","meta":{"footnotes":""},"categories":[5],"tags":[17,18,25,24,13,14,11,19,20,9,10,15,16,23,12,21,22],"class_list":{"0":"post-262329","1":"post","2":"type-post","3":"status-publish","4":"format-standard","5":"has-post-thumbnail","7":"category-titulares","8":"tag-breaking-news","9":"tag-breakingnews","10":"tag-es","11":"tag-espana","12":"tag-featured-news","13":"tag-featurednews","14":"tag-headlines","15":"tag-latest-news","16":"tag-latestnews","17":"tag-news","18":"tag-noticias","19":"tag-noticias-destacadas","20":"tag-noticiasdestacadas","21":"tag-spain","22":"tag-titulares","23":"tag-ultimas-noticias","24":"tag-ultimasnoticias"},"share_on_mastodon":{"url":"https:\/\/pubeurope.com\/@es\/115633996677027444","error":""},"_links":{"self":[{"href":"https:\/\/www.europesays.com\/es\/wp-json\/wp\/v2\/posts\/262329","targetHints":{"allow":["GET"]}}],"collection":[{"href":"https:\/\/www.europesays.com\/es\/wp-json\/wp\/v2\/posts"}],"about":[{"href":"https:\/\/www.europesays.com\/es\/wp-json\/wp\/v2\/types\/post"}],"author":[{"embeddable":true,"href":"https:\/\/www.europesays.com\/es\/wp-json\/wp\/v2\/users\/2"}],"replies":[{"embeddable":true,"href":"https:\/\/www.europesays.com\/es\/wp-json\/wp\/v2\/comments?post=262329"}],"version-history":[{"count":0,"href":"https:\/\/www.europesays.com\/es\/wp-json\/wp\/v2\/posts\/262329\/revisions"}],"wp:featuredmedia":[{"embeddable":true,"href":"https:\/\/www.europesays.com\/es\/wp-json\/wp\/v2\/media\/262330"}],"wp:attachment":[{"href":"https:\/\/www.europesays.com\/es\/wp-json\/wp\/v2\/media?parent=262329"}],"wp:term":[{"taxonomy":"category","embeddable":true,"href":"https:\/\/www.europesays.com\/es\/wp-json\/wp\/v2\/categories?post=262329"},{"taxonomy":"post_tag","embeddable":true,"href":"https:\/\/www.europesays.com\/es\/wp-json\/wp\/v2\/tags?post=262329"}],"curies":[{"name":"wp","href":"https:\/\/api.w.org\/{rel}","templated":true}]}}