{"id":262331,"date":"2025-11-29T16:52:10","date_gmt":"2025-11-29T16:52:10","guid":{"rendered":"https:\/\/www.europesays.com\/es\/262331\/"},"modified":"2025-11-29T16:52:10","modified_gmt":"2025-11-29T16:52:10","slug":"estreno-de-platteeuw-como-titular-y-ruben-dominguez-repite-recital-de-triples-en-la-ncaa","status":"publish","type":"post","link":"https:\/\/www.europesays.com\/es\/262331\/","title":{"rendered":"Estreno de Platteeuw como titular y Rub\u00e9n Dom\u00ednguez repite recital de triples en la NCAA"},"content":{"rendered":"<p data-mrf-recirculation=\"Links P\u00e1rrafos\" class=\"ue-c-article__paragraph paragraph ue-c-article--first-letter-highlighted\">Rub\u00e9n Dom\u00ednguez firm\u00f3 otra exhibici\u00f3n descomunal desde el per\u00edmetro <strong>(21 puntos<\/strong>) y gui\u00f3 la sexta victoria de Texas A&amp;M frente a Florida State (95-59). El gaditano, que hace apenas una semana <a href=\"https:\/\/www.marca.com\/baloncesto\/2025\/11\/22\/ex-acb-ruben-dominguez-logra-marca-historica-ncaa.html\" rel=\"nofollow noopener\" target=\"_blank\"><strong>bati\u00f3 el r\u00e9cord de la universidad con 10 triples en un encuentro<\/strong><\/a>, confirm\u00f3 su punter\u00eda desde la larga distancia al convertir 7 de 12 intentos, para un <strong>58,2% de acierto<\/strong>.<\/p>\n<p data-mrf-recirculation=\"Links P\u00e1rrafos\" class=\"ue-c-article__paragraph paragraph\">El MVP del \u00faltimo Eurobasket U18 y ex del Joventut, <strong>Ian Platteeuw<\/strong>, disput\u00f3 su <strong>primer encuentro como titular<\/strong> con los Davidson Wildcats: 24 minutos en los que demostr\u00f3 su omnipresencia en la pista, con 10 puntos, 7 rebotes, 6 asistencias y un 62,5% en tiros de campo.<\/p>\n<p data-mrf-recirculation=\"Links P\u00e1rrafos\" class=\"ue-c-article__paragraph paragraph\">El catal\u00e1n <strong>Ra\u00fal Villar<\/strong> dispuso de 11 minutos con los Charlotte 49ers, en los que sum\u00f3 una canasta y una asistencia. Su compa\u00f1ero, el sevillano <strong>David G\u00f3mez<\/strong>, estuvo 18 minutos sobre el parqu\u00e9 y termin\u00f3 con 4 puntos y 3 rebotes.<\/p>\n<p data-mrf-recirculation=\"Links P\u00e1rrafos\" class=\"ue-c-article__paragraph paragraph\">El valenciano <strong>Luca Soroa<\/strong> sali\u00f3 de inicio con los Northeastern Huskies, pero se qued\u00f3 sin anotar tras fallar sus cinco intentos a canasta. Aun as\u00ed, contribuy\u00f3 con 2 rebotes y 2 asistencias en los 27 minutos que permaneci\u00f3 en pista.<\/p>\n<p data-mrf-recirculation=\"Links P\u00e1rrafos\" class=\"ue-c-article__paragraph paragraph\">El tinerfe\u00f1o <strong>Guillermo D\u00edaz Graham<\/strong> disput\u00f3 su octavo encuentro con los San Francisco Dons y cerr\u00f3 su actuaci\u00f3n con 5 puntos y 4 rebotes en 14 minutos ante Nevada Wolf Pack.<\/p>\n<p data-mrf-recirculation=\"Links P\u00e1rrafos\" class=\"ue-c-article__paragraph paragraph\">Tambi\u00e9n tuvieron minutos el catal\u00e1n<strong> Bruno Aloc\u00e9n <\/strong>(2 puntos); <strong>Julen<\/strong>, hijo de Iker Iturbe (0 puntos y 4 rebotes en 20 minutos), y el murciano <strong>Fabi\u00e1n Flores<\/strong>, autor de 2 puntos con DePaul University.<\/p>\n","protected":false},"excerpt":{"rendered":"Rub\u00e9n Dom\u00ednguez firm\u00f3 otra exhibici\u00f3n descomunal desde el per\u00edmetro (21 puntos) y gui\u00f3 la sexta victoria de Texas&hellip;\n","protected":false},"author":2,"featured_media":262332,"comment_status":"","ping_status":"","sticky":false,"template":"","format":"standard","meta":{"footnotes":""},"categories":[269],"tags":[299,298,168,25,24,23,167],"class_list":{"0":"post-262331","1":"post","2":"type-post","3":"status-publish","4":"format-standard","5":"has-post-thumbnail","7":"category-baloncesto","8":"tag-baloncesto","9":"tag-basketball","10":"tag-deportes","11":"tag-es","12":"tag-espana","13":"tag-spain","14":"tag-sports"},"share_on_mastodon":{"url":"https:\/\/pubeurope.com\/@es\/115634028418021063","error":""},"_links":{"self":[{"href":"https:\/\/www.europesays.com\/es\/wp-json\/wp\/v2\/posts\/262331","targetHints":{"allow":["GET"]}}],"collection":[{"href":"https:\/\/www.europesays.com\/es\/wp-json\/wp\/v2\/posts"}],"about":[{"href":"https:\/\/www.europesays.com\/es\/wp-json\/wp\/v2\/types\/post"}],"author":[{"embeddable":true,"href":"https:\/\/www.europesays.com\/es\/wp-json\/wp\/v2\/users\/2"}],"replies":[{"embeddable":true,"href":"https:\/\/www.europesays.com\/es\/wp-json\/wp\/v2\/comments?post=262331"}],"version-history":[{"count":0,"href":"https:\/\/www.europesays.com\/es\/wp-json\/wp\/v2\/posts\/262331\/revisions"}],"wp:featuredmedia":[{"embeddable":true,"href":"https:\/\/www.europesays.com\/es\/wp-json\/wp\/v2\/media\/262332"}],"wp:attachment":[{"href":"https:\/\/www.europesays.com\/es\/wp-json\/wp\/v2\/media?parent=262331"}],"wp:term":[{"taxonomy":"category","embeddable":true,"href":"https:\/\/www.europesays.com\/es\/wp-json\/wp\/v2\/categories?post=262331"},{"taxonomy":"post_tag","embeddable":true,"href":"https:\/\/www.europesays.com\/es\/wp-json\/wp\/v2\/tags?post=262331"}],"curies":[{"name":"wp","href":"https:\/\/api.w.org\/{rel}","templated":true}]}}