{"id":262333,"date":"2025-11-29T16:53:12","date_gmt":"2025-11-29T16:53:12","guid":{"rendered":"https:\/\/www.europesays.com\/es\/262333\/"},"modified":"2025-11-29T16:53:12","modified_gmt":"2025-11-29T16:53:12","slug":"boyomo-amarga-el-festival-de-muriqi","status":"publish","type":"post","link":"https:\/\/www.europesays.com\/es\/262333\/","title":{"rendered":"Boyomo amarga el festival de Muriqi"},"content":{"rendered":"<p class=\"\"><b>El Mallorca se adelant\u00f3 con un doblete de Muriqi<\/b>. El Osasuna rescata un punto en el tiempo a\u00f1adido con <b>un gol de Boyomo. Ra\u00fal Garc\u00eda hizo el otro tanto visitante.<\/b> Un punto que no les permite alejarse lo suficiente de la zona baja. <\/p>\n<p class=\"\"><b>La primera mitad del partido en Son Moix pareci\u00f3 m\u00e1s una partida de ajedrez que un partido de f\u00fatbol<\/b>, pero solo con peones que estaban m\u00e1s pendientes de evitar que el rival generara peligro. Salvo un remate de Valjent en el \u00faltimo suspiro de la primera mitad que oblig\u00f3 a estirarse a Sergio Herrera, lo que se vio en los primeros 45 minutos dio la raz\u00f3n a los aficionados que llegaron tarde. Lo m\u00e1s relevante fue el rifirrafe que hubo en el \u00e1rea osasunista tras una caida de Virgili, que ped\u00eda penalti.<b> La jugada se sald\u00f3 con tres amarillas, despu\u00e9s de un par de empujones. As\u00ed se lleg\u00f3 al descanso. <\/b><\/p>\n<p class=\"\">Tras la reanudaci\u00f3n, <b>Osasuna dio un t\u00edmido paso adelante<\/b>, un par de saques de esquina, y centro chut de Osambela intimidaron un poco al Mallorca. El club bermell\u00f3n dio la r\u00e9plica con un buen disparo de Darder que Sergio Herrera bloc\u00f3 en dos tiempos. <b>Arrasate intent\u00f3 sorprender a Lisci con el intercambio de banda entre Virgili y Mateo Joseph y lo consigui\u00f3.<\/b> El joven extremo fue el gran detonador que derrib\u00f3 el muro de Osasuna, con la inestimable ayuda de Muriqi.<\/p>\n<p class=\"\">A la hora de partido, Virgili se planta en el \u00e1rea, tras ganar la espalda a la zaga, tras un bal\u00f3n largo y consigue sacar un penalti a Boyomo. Muriqi, el especialista, no fall\u00f3. <b>El Mallorca se adelantaba y Son Moix lo celebraba<\/b>. Pero el kosovar quiso que la fiesta siguiera. Apenas cuatro minutos despu\u00e9s, un bal\u00f3n al espacio de Virgili a Muriqi, <b>el delantero llega al \u00e1rea y conecta un remate cruzado perfecto.<\/b> Imposible para Sergio Herrera. Efectividad m\u00e1xima.<\/p>\n<p>Noticias relacionadas<a href=\"https:\/\/as.com\/tenis\/mas_tenis\/el-mallorca-homenaje-a-nadal-f202511-n\/\" class=\"s_m_w\" title=\"El club entregar\u00e1 el s\u00e1bado al tenista el primer Dimoni d\u2019Honor, un nuevo reconocimiento a figuras mallorquinas cuya excelencia y valores han dejado huella.\" data-tb-link=\"\" rel=\"nofollow noopener\" target=\"_blank\"><img decoding=\"async\" src=\"https:\/\/www.europesays.com\/es\/wp-content\/uploads\/2025\/11\/MIG65XVPVNHQ3HYOSCZUHEJWAM.jpg\" alt=\"El Mallorca honra a Nadal\" class=\"\" height=\"9\" width=\"16\"   loading=\"lazy\" data-tb-thumbnail=\"\"\/><\/a><a href=\"https:\/\/as.com\/futbol\/arrasate-nos-quedan-seis-partidos-para-acabar-la-primera-vuelta-y-eso-nos-puede-marcar-f202511-n\/\" class=\"s_m_w\" title=\"El entrenador mallorquinista cree que si se mantiene la evoluci\u00f3n, el equipo tendr\u00e1 m\u00e1s opciones de sumar.\" data-tb-link=\"\" rel=\"nofollow noopener\" target=\"_blank\"><img decoding=\"async\" src=\"https:\/\/www.europesays.com\/es\/wp-content\/uploads\/2025\/11\/TK62YWZDRBMETN2BDTO7YTH7VU.jpg\" alt=\"Arrasate: \u201cNos quedan seis partidos para acabar la primera vuelta y eso nos puede marcar\u201d\" class=\"\" height=\"9\" width=\"16\"   loading=\"lazy\" data-tb-thumbnail=\"\"\/><\/a><\/p>\n<p class=\"\">Con un marcador tan adverso,<b> Lisci movi\u00f3 el banquillo y consigui\u00f3 el resultado que quer\u00eda<\/b>. <b>Ra\u00fal, que hab\u00eda salido del banquillo se encarg\u00f3 de marcar en un lanzamiento de falta en la frontal. <\/b>El tanto espole\u00f3 al equipo navarro que asedi\u00f3 el \u00e1rea bermellona y<b> Boyomo consigui\u00f3 la igualada en el tiempo a\u00f1adido. <\/b><\/p>\n<p class=\"\"><b>\u00a1Tus opiniones importan!<\/b> Comenta en los art\u00edculos y suscr\u00edbete gratis a nuestra <a href=\"https:\/\/asfan.as.com\/newsletters\/\" target=\"_blank\" rel=\"nofollow noopener\" title=\"https:\/\/asfan.as.com\/newsletters\/\">newsletter<\/a> y a las alertas informativas en la <a href=\"https:\/\/as.com\/aplicacion-de-as-n\/\" target=\"_blank\" rel=\"nofollow noopener\" title=\"https:\/\/as.com\/aplicacion-de-as-n\/\">App<\/a> o el canal de <a href=\"https:\/\/www.whatsapp.com\/channel\/0029VaAasdA7j6g745nz9M10\" target=\"_blank\" rel=\"nofollow noopener\" title=\"https:\/\/www.whatsapp.com\/channel\/0029VaAasdA7j6g745nz9M10\">WhatsApp<\/a>. \u00bfBuscas licenciar contenido? Haz clic <a href=\"https:\/\/profesional.elpais.com\/landing-sindicacion?utm_medium=interno&amp;utm_source=crosslinking&amp;utm_campaign=sindicacion_as_pie_articulos\" target=\"_blank\" rel=\"nofollow noopener\" title=\"https:\/\/profesional.elpais.com\/landing-sindicacion?utm_medium=interno&amp;utm_source=crosslinking&amp;utm_campaign=sindicacion_as_pie_articulos\">aqu\u00ed<\/a><\/p>\n<p class=\"stat-tl ev-fw-tl\"><strong>Cambios<\/strong><\/p>\n<p class=\"ev-text-aux\">\n                            <strong>Antonio S\u00e1nchez<\/strong> (64&#8242;, Mateo Joseph),                             <strong>Ra\u00fal Garc\u00eda<\/strong> (70&#8242;, Ante Budimir),                             <strong>Moi G\u00f3mez<\/strong> (70&#8242;, Asier Osambela),                             <strong>Kike Barja<\/strong> (75&#8242;, V\u00edctor Mu\u00f1oz),                             <strong>Takuma Asano<\/strong> (80&#8242;, Jan Virgili),                             <strong>Pablo Torre<\/strong> (80&#8242;, Sergi Darder),                             <strong>Sheraldo Becker<\/strong> (82&#8242;, Jon Moncayola),                             <strong>Juan Cruz<\/strong> (82&#8242;, Abel Bretones)                        <\/p>\n<p class=\"stat-tl ev-fw-tl\"><strong>Goles<\/strong><\/p>\n<p class=\"ev-text-aux\">\n                                                                                                        1-0, 61&#8242;: <strong>Muriqi<\/strong>,                                                                                 2-0, 65&#8242;: <strong>Muriqi<\/strong>,                                                                                 2-1, 81&#8242;: <strong>Raul Garc\u00eda de Haro<\/strong>,                                                                                 2-2, 91&#8242;: <strong>Flavien-Enzo Boyomos<\/strong>                        <\/p>\n<p class=\"stat-tl ev-fw-tl\"><strong>Tarjetas<\/strong><\/p>\n<p class=\"ev-text-aux\">\n                Arbitro: Jes\u00fas Gil Manzano<br \/>Arbitro VAR: Carlos del Cerro Grande, Valent\u00edn Pizarro G\u00f3mez<br \/><strong>Mateo Joseph<\/strong> (40&#8242;,Amarilla),                                     <strong>Herrera<\/strong> (40&#8242;,Amarilla),                                     <strong>Maffeo<\/strong> (40&#8242;,Amarilla),                                     <strong>Abel Bretones<\/strong> (45&#8242;,Amarilla),                                     <strong>Flavien-Enzo Boyomos<\/strong> (58&#8242;,Amarilla),                                     <strong>Samuel Costa<\/strong> (80&#8242;,Amarilla),                                     <strong>Aimar Oroz<\/strong> (84&#8242;,Amarilla),                                     <strong>Lisci<\/strong> (85&#8242;,Amarilla)                            <\/p>\n","protected":false},"excerpt":{"rendered":"El Mallorca se adelant\u00f3 con un doblete de Muriqi. El Osasuna rescata un punto en el tiempo a\u00f1adido&hellip;\n","protected":false},"author":2,"featured_media":262334,"comment_status":"","ping_status":"","sticky":false,"template":"","format":"standard","meta":{"footnotes":""},"categories":[268],"tags":[168,25,24,280,282,281,23,167],"class_list":{"0":"post-262333","1":"post","2":"type-post","3":"status-publish","4":"format-standard","5":"has-post-thumbnail","7":"category-futbol","8":"tag-deportes","9":"tag-es","10":"tag-espana","11":"tag-football","12":"tag-futbol","13":"tag-soccer","14":"tag-spain","15":"tag-sports"},"share_on_mastodon":{"url":"https:\/\/pubeurope.com\/@es\/115634032517638577","error":""},"_links":{"self":[{"href":"https:\/\/www.europesays.com\/es\/wp-json\/wp\/v2\/posts\/262333","targetHints":{"allow":["GET"]}}],"collection":[{"href":"https:\/\/www.europesays.com\/es\/wp-json\/wp\/v2\/posts"}],"about":[{"href":"https:\/\/www.europesays.com\/es\/wp-json\/wp\/v2\/types\/post"}],"author":[{"embeddable":true,"href":"https:\/\/www.europesays.com\/es\/wp-json\/wp\/v2\/users\/2"}],"replies":[{"embeddable":true,"href":"https:\/\/www.europesays.com\/es\/wp-json\/wp\/v2\/comments?post=262333"}],"version-history":[{"count":0,"href":"https:\/\/www.europesays.com\/es\/wp-json\/wp\/v2\/posts\/262333\/revisions"}],"wp:featuredmedia":[{"embeddable":true,"href":"https:\/\/www.europesays.com\/es\/wp-json\/wp\/v2\/media\/262334"}],"wp:attachment":[{"href":"https:\/\/www.europesays.com\/es\/wp-json\/wp\/v2\/media?parent=262333"}],"wp:term":[{"taxonomy":"category","embeddable":true,"href":"https:\/\/www.europesays.com\/es\/wp-json\/wp\/v2\/categories?post=262333"},{"taxonomy":"post_tag","embeddable":true,"href":"https:\/\/www.europesays.com\/es\/wp-json\/wp\/v2\/tags?post=262333"}],"curies":[{"name":"wp","href":"https:\/\/api.w.org\/{rel}","templated":true}]}}