{"id":262339,"date":"2025-11-29T16:58:10","date_gmt":"2025-11-29T16:58:10","guid":{"rendered":"https:\/\/www.europesays.com\/es\/262339\/"},"modified":"2025-11-29T16:58:10","modified_gmt":"2025-11-29T16:58:10","slug":"el-tipico-programa-luz-casal-se-lo-permite-todo","status":"publish","type":"post","link":"https:\/\/www.europesays.com\/es\/262339\/","title":{"rendered":"El t\u00edpico programa &#8211; Luz Casal se lo permite todo"},"content":{"rendered":"<p>Luz Casal vuelve a El T\u00edpico Programa para diseccionar con nosotros, canci\u00f3n a canci\u00f3n, su nuevo \u00e1lbum, &#8216;Me voy a permitir&#8217;, su disco m\u00e1s ecl\u00e9ctico e inclasificable, en el que  encontramos rock, pop, chanson francesa&#8230; y hasta un &#8216;Blues de la cebolla&#8217;. Un trabajo que brilla por su cuidado sonido y  por una brillante combinaci\u00f3n entre canciones originales y versiones con las que Luz ha querido reivindicar la importancia de la figura de la int\u00e9rprete. Charlamos con la artista de cada detalle de las canciones, del equipo que ha vuelto a formar con m\u00fasicos habituales como Tino di Girlado y JM Baldom\u00e0, y de las colaboraciones con Carla Bruni, Wix y Robbie McIntosh.<\/p>\n","protected":false},"excerpt":{"rendered":"Luz Casal vuelve a El T\u00edpico Programa para diseccionar con nosotros, canci\u00f3n a canci\u00f3n, su nuevo \u00e1lbum, &#8216;Me&hellip;\n","protected":false},"author":2,"featured_media":262340,"comment_status":"","ping_status":"","sticky":false,"template":"","format":"standard","meta":{"footnotes":""},"categories":[170],"tags":[39285,146,147,25,24,65396,184,185,133,1448,1986,1987,23],"class_list":{"0":"post-262339","1":"post","2":"type-post","3":"status-publish","4":"format-standard","5":"has-post-thumbnail","7":"category-musica","8":"tag-el-tipico-programa","9":"tag-entertainment","10":"tag-entretenimiento","11":"tag-es","12":"tag-espana","13":"tag-luz-casal-se-lo-permite-todo","14":"tag-music","15":"tag-musica","16":"tag-online","17":"tag-radio","18":"tag-rne","19":"tag-rtve-play","20":"tag-spain"},"share_on_mastodon":{"url":"https:\/\/pubeurope.com\/@es\/115634051875272803","error":""},"_links":{"self":[{"href":"https:\/\/www.europesays.com\/es\/wp-json\/wp\/v2\/posts\/262339","targetHints":{"allow":["GET"]}}],"collection":[{"href":"https:\/\/www.europesays.com\/es\/wp-json\/wp\/v2\/posts"}],"about":[{"href":"https:\/\/www.europesays.com\/es\/wp-json\/wp\/v2\/types\/post"}],"author":[{"embeddable":true,"href":"https:\/\/www.europesays.com\/es\/wp-json\/wp\/v2\/users\/2"}],"replies":[{"embeddable":true,"href":"https:\/\/www.europesays.com\/es\/wp-json\/wp\/v2\/comments?post=262339"}],"version-history":[{"count":0,"href":"https:\/\/www.europesays.com\/es\/wp-json\/wp\/v2\/posts\/262339\/revisions"}],"wp:featuredmedia":[{"embeddable":true,"href":"https:\/\/www.europesays.com\/es\/wp-json\/wp\/v2\/media\/262340"}],"wp:attachment":[{"href":"https:\/\/www.europesays.com\/es\/wp-json\/wp\/v2\/media?parent=262339"}],"wp:term":[{"taxonomy":"category","embeddable":true,"href":"https:\/\/www.europesays.com\/es\/wp-json\/wp\/v2\/categories?post=262339"},{"taxonomy":"post_tag","embeddable":true,"href":"https:\/\/www.europesays.com\/es\/wp-json\/wp\/v2\/tags?post=262339"}],"curies":[{"name":"wp","href":"https:\/\/api.w.org\/{rel}","templated":true}]}}