{"id":262341,"date":"2025-11-29T16:59:10","date_gmt":"2025-11-29T16:59:10","guid":{"rendered":"https:\/\/www.europesays.com\/es\/262341\/"},"modified":"2025-11-29T16:59:10","modified_gmt":"2025-11-29T16:59:10","slug":"la-primera-gran-lista-de-mejores-peliculas-de-2025-ya-esta-aqui-y-tiene-una-espanola-como-numero-1","status":"publish","type":"post","link":"https:\/\/www.europesays.com\/es\/262341\/","title":{"rendered":"La primera gran lista de mejores pel\u00edculas de 2025 ya est\u00e1 aqu\u00ed y tiene una espa\u00f1ola como n\u00famero 1"},"content":{"rendered":"<p>Tr\u00e1iler de &#8216;Tardes de soledad&#8217;.<\/p>\n<p class=\"paragraph\">Se acerca esa temporada del a\u00f1o en la que no hay otra cosa que listas. Mejores \u00e1lbumes, mejores libros&#8230;y por supuesto la de mejores pel\u00edculas. Las redes se inundan de recomendaciones y diversos repasos del a\u00f1o cultural, <a href=\"https:\/\/www.infobae.com\/espana\/cultura\/2025\/11\/22\/el-wrapped-de-spotify-se-acerca-cuando-y-como-ver-el-repaso-anual-de-musica-mas-esperado\/\" target=\"_blank\" rel=\"noreferrer nofollow noopener\" title=\"https:\/\/www.infobae.com\/espana\/cultura\/2025\/11\/22\/el-wrapped-de-spotify-se-acerca-cuando-y-como-ver-el-repaso-anual-de-musica-mas-esperado\/\">Spotify Wrapped<\/a> mediante. Mientras seguimos esperando ese repaso musical de la plataforma de streaming, ya tenemos la primera lista en cuanto a cine se refiere, y viene avalada por una de las revistas de cr\u00edtica de cine m\u00e1s importantes de la historia: Cahiers du cinema.<\/p>\n<p class=\"paragraph\">La reputada publicaci\u00f3n francesa lleva en pie desde los a\u00f1os 50 y se ha erigido como una de las m\u00e1s importantes en lo que a cine se refiere desde entonces. Por ejemplo, a Cahiers se le debe el concepto de cine de autor gracias a su teor\u00eda de la pol\u00edtica de los autores, en los cuales establec\u00edan que el director de una pel\u00edcula era en \u00faltima instancia el m\u00e1ximo responsable de esta, y que se pod\u00edan establecer v\u00ednculos y relaciones entre distintas pel\u00edcula si eran del mismo autor. De esta forma, desde Cahiers se defendi\u00f3 a muchos directores de Hollywood que en la \u00e9poca eran considerados de lo m\u00e1s comerciales como <a rel=\"noopener noreferrer nofollow\" href=\"https:\/\/www.infobae.com\/cultura\/2020\/04\/29\/40-anos-sin-alfred-hitchcock-8-peliculas-fundamentales-para-disfrutar-su-cine\/\" target=\"_blank\">Alfred Hitchcock<\/a> o <b>Howard Hawks<\/b>, adem\u00e1s de ser tambi\u00e9n una de las grandes impulsoras de la corriente cinematogr\u00e1fica llamada <b>Nouvelle Vague<\/b>, ya que algunos de sus integrantes escrib\u00edan tambi\u00e9n en las p\u00e1ginas de Cahiers, como <b>Fran\u00e7ois Truffaut <\/b>o <b>Jacques Rivette<\/b>.<\/p>\n<p class=\"paragraph\">Pues bien, ellos han sido una vez m\u00e1s en sacar la primera gran lista de cine de 2025, y en ella se encuentra nada menos que una pel\u00edcula espa\u00f1ola. Esto es algo que ya sucedi\u00f3 el a\u00f1o pasado, cuando sus cr\u00edticos eligieron Volver\u00e9is de Jon\u00e1s Trueba como una de las mejores pel\u00edculas de 2024, pero en este caso ha sido aun m\u00e1s especial, pues han decidido que la pel\u00edcula espa\u00f1ola de este a\u00f1o es directamente la mejor de todas. Por delante de t\u00edtulos como <a href=\"https:\/\/www.infobae.com\/espana\/cultura\/2025\/09\/27\/una-batalla-tras-otra-leonardo-dicaprio-llama-a-la-revolucion-en-la-pelicula-mas-divertida-de-paul-thomas-anderson-desde-boogie-nights\/\" target=\"_blank\" rel=\"noreferrer nofollow noopener\" title=\"https:\/\/www.infobae.com\/espana\/cultura\/2025\/09\/27\/una-batalla-tras-otra-leonardo-dicaprio-llama-a-la-revolucion-en-la-pelicula-mas-divertida-de-paul-thomas-anderson-desde-boogie-nights\/\">Una batalla tras otra<\/a> de <b>Paul Thomas Anderson<\/b> o <b>Nouvelle Vague<\/b> de Richard Linklater, que no pod\u00eda faltar siendo todo un homenaje a Jean-Luc Godard y toda esa generaci\u00f3n de cineastas que crecieron con Cahiers.<\/p>\n<p><img alt=\"Andr\u00e9s Roca Rey en 'Tardes\" class=\"global-image\" decoding=\"async\" fetchpriority=\"low\" height=\"900\" loading=\"lazy\" src=\"https:\/\/www.europesays.com\/es\/wp-content\/uploads\/2025\/11\/DY6CFPL3PBD4DAKQES5C6LUXQI.jpeg\" width=\"1200\"\/>Andr\u00e9s Roca Rey en &#8216;Tardes de soledad&#8217;, de Albert Serra (A Contracorriente Films)<\/p>\n<p class=\"paragraph\">Pues bien, la lista la encabeza nada menos que Tardes de soledad, la pel\u00edcula de Albert Serra ambientada en el mundo de la tauromaquia y centrada en el torero Andr\u00e9s Roca Rey. Este documental, que gan\u00f3 la Concha de Oro en el Festival de San Sebasti\u00e1n del a\u00f1o pasado, lleg\u00f3 a cines en Francia este 2025 y cautiv\u00f3 a buena parte de los cr\u00edticos, hasta el punto de auparla a lo m\u00e1s alto por delante de otros t\u00edtulos franceses, como L\u2019Aventura de Sophie Letourneur o Sept promenades avec Mark Brown, de Pierre Creton y Vincent Barr\u00e9.<\/p>\n<p class=\"paragraph\">Por todo ello, Tardes de soledad se erige como una de las pel\u00edculas a revisitar durante estos d\u00edas, y actualmente se puede disfrutar en Movistar+, plataforma a la que lleg\u00f3 hace unos meses. Ya van varios a\u00f1os en los que Espa\u00f1a encandila a Cahiers, habr\u00e1 que ver si el pr\u00f3ximo entra alg\u00fan otro t\u00edtulo con acento espa\u00f1ol.<\/p>\n","protected":false},"excerpt":{"rendered":"Tr\u00e1iler de &#8216;Tardes de soledad&#8217;. Se acerca esa temporada del a\u00f1o en la que no hay otra cosa&hellip;\n","protected":false},"author":2,"featured_media":262342,"comment_status":"","ping_status":"","sticky":false,"template":"","format":"standard","meta":{"footnotes":""},"categories":[169],"tags":[177,146,147,25,24,176,175,23],"class_list":{"0":"post-262341","1":"post","2":"type-post","3":"status-publish","4":"format-standard","5":"has-post-thumbnail","7":"category-cine","8":"tag-cine","9":"tag-entertainment","10":"tag-entretenimiento","11":"tag-es","12":"tag-espana","13":"tag-film","14":"tag-movies","15":"tag-spain"},"share_on_mastodon":{"url":"https:\/\/pubeurope.com\/@es\/115634056318730516","error":""},"_links":{"self":[{"href":"https:\/\/www.europesays.com\/es\/wp-json\/wp\/v2\/posts\/262341","targetHints":{"allow":["GET"]}}],"collection":[{"href":"https:\/\/www.europesays.com\/es\/wp-json\/wp\/v2\/posts"}],"about":[{"href":"https:\/\/www.europesays.com\/es\/wp-json\/wp\/v2\/types\/post"}],"author":[{"embeddable":true,"href":"https:\/\/www.europesays.com\/es\/wp-json\/wp\/v2\/users\/2"}],"replies":[{"embeddable":true,"href":"https:\/\/www.europesays.com\/es\/wp-json\/wp\/v2\/comments?post=262341"}],"version-history":[{"count":0,"href":"https:\/\/www.europesays.com\/es\/wp-json\/wp\/v2\/posts\/262341\/revisions"}],"wp:featuredmedia":[{"embeddable":true,"href":"https:\/\/www.europesays.com\/es\/wp-json\/wp\/v2\/media\/262342"}],"wp:attachment":[{"href":"https:\/\/www.europesays.com\/es\/wp-json\/wp\/v2\/media?parent=262341"}],"wp:term":[{"taxonomy":"category","embeddable":true,"href":"https:\/\/www.europesays.com\/es\/wp-json\/wp\/v2\/categories?post=262341"},{"taxonomy":"post_tag","embeddable":true,"href":"https:\/\/www.europesays.com\/es\/wp-json\/wp\/v2\/tags?post=262341"}],"curies":[{"name":"wp","href":"https:\/\/api.w.org\/{rel}","templated":true}]}}