{"id":262345,"date":"2025-11-29T17:02:15","date_gmt":"2025-11-29T17:02:15","guid":{"rendered":"https:\/\/www.europesays.com\/es\/262345\/"},"modified":"2025-11-29T17:02:15","modified_gmt":"2025-11-29T17:02:15","slug":"muere-el-actor-de-netflix-tony-germano-a-los-55-anos-tras-caer-del-tejado-de-su-casa-cuando-hacia-unas-obras","status":"publish","type":"post","link":"https:\/\/www.europesays.com\/es\/262345\/","title":{"rendered":"Muere el actor de Netflix Tony Germano a los 55 a\u00f1os tras caer del tejado de su casa cuando hac\u00eda unas obras"},"content":{"rendered":"<p class=\"c-paragraph\"><b>Tony Germano<\/b>, actor de voz brasile\u00f1o conocido por haber participado en proyectos de <a href=\"https:\/\/www.20minutos.es\/tags\/temas\/netflix.html\" title=\"Netflix\" rel=\"nofollow noopener\" target=\"_blank\">Netflix<\/a> y Nickelodeon, <b>ha muerto a los 55 a\u00f1os <\/b>de edad tras sufrir una ca\u00edda cuando trabajaba en el tejado de su casa.\u00a0<\/p>\n<p class=\"c-paragraph\">\u00abCon profundo pesar confirmamos el fallecimiento del actor y locutor Tony Germano en la ma\u00f1ana del mi\u00e9rcoles 26 de noviembre. Tony sufri\u00f3 <b>una ca\u00edda en su residencia<\/b> y, desafortunadamente, no sobrevivi\u00f3 a sus heridas\u00bb, dijo el representante de Germano.<\/p>\n<p class=\"c-paragraph\">\u00abSolicitamos respeto y comprensi\u00f3n en este momento tan doloroso para su familia, amigos y colegas. Tony deja un legado de dedicaci\u00f3n, generosidad y un inmenso talento que conmovi\u00f3 a todos los que tuvimos el privilegio de trabajar con \u00e9l. <b>Sentiremos profundamente su ausencia<\/b>\u00ab, a\u00f1ade el comunicado.<\/p>\n<p class=\"c-paragraph\">La ca\u00edda mortal de Germano ocurri\u00f3 en su casa de S\u00e3o Paulo, en la que <b>estaba acometiendo obras,<\/b> seg\u00fan los medios locales <a href=\"https:\/\/www1.folha.uol.com.br\/ilustrada\/2025\/11\/morre-tony-germano-ator-de-pecas-musicais-e-filmes-de-terror-aos-55-anos.shtml\" rel=\"nofollow noreferrer noopener\" title=\"Morre Tony Germano, ator de pe\u00e7as musicais e filmes de terror, aos 55 anos\" target=\"_blank\">Folha de S\u00e3o Paulo<\/a> y <a href=\"https:\/\/www.estadao.com.br\/cultura\/teatro-danca\/tony-germano-ator-e-dublador-morre-aos-55-anos-apos-acidente-domestico-nprec\/\" rel=\"nofollow noreferrer noopener\" title=\"Tony Germano, ator e dublador, morre aos 55 anos ap\u00f3s acidente dom\u00e9stico\" target=\"_blank\">O Estado de S\u00e3o Paulo.<\/a> Seg\u00fan el primero de estos medios, Germano se alojaba en casa de sus padres antes del accidente, en el que perdi\u00f3 el equilibrio.<\/p>\n<p class=\"c-paragraph\">Germano era conocido por sus<b> interpretaciones de voz en portugu\u00e9s<\/b> en series como\u00a0Nicky, Ricky, Dicky &amp; Dawn o Go, Dog, Go! de Nickelodeon en Netflix y en la banda sonora de la pel\u00edcula de acci\u00f3n real de Disney de 2017, La Bella y la Bestia, seg\u00fan ambos medios.<\/p>\n<p class=\"c-paragraph\">El actor<b> Miguel Falabella<\/b> record\u00f3 a Germano en Instagram como \u00abun profesional intachable\u00bb, \u00abquerido amigo\u00bb y \u00abun actor talentoso\u00bb en una publicaci\u00f3n compartida el mi\u00e9rcoles. \u00abHe tenido el privilegio de trabajar con \u00e9l en varias producciones\u00bb, concluy\u00f3 Falabella.<\/p>\n","protected":false},"excerpt":{"rendered":"Tony Germano, actor de voz brasile\u00f1o conocido por haber participado en proyectos de Netflix y Nickelodeon, ha muerto&hellip;\n","protected":false},"author":2,"featured_media":262346,"comment_status":"","ping_status":"","sticky":false,"template":"","format":"standard","meta":{"footnotes":""},"categories":[91],"tags":[1339,146,147,25,24,65397,8938,152,23,31410],"class_list":{"0":"post-262345","1":"post","2":"type-post","3":"status-publish","4":"format-standard","5":"has-post-thumbnail","7":"category-entretenimiento","8":"tag-actor","9":"tag-entertainment","10":"tag-entretenimiento","11":"tag-es","12":"tag-espana","13":"tag-germano","14":"tag-muere","15":"tag-netflix","16":"tag-spain","17":"tag-tony"},"share_on_mastodon":{"url":"https:\/\/pubeurope.com\/@es\/115634067484305180","error":""},"_links":{"self":[{"href":"https:\/\/www.europesays.com\/es\/wp-json\/wp\/v2\/posts\/262345","targetHints":{"allow":["GET"]}}],"collection":[{"href":"https:\/\/www.europesays.com\/es\/wp-json\/wp\/v2\/posts"}],"about":[{"href":"https:\/\/www.europesays.com\/es\/wp-json\/wp\/v2\/types\/post"}],"author":[{"embeddable":true,"href":"https:\/\/www.europesays.com\/es\/wp-json\/wp\/v2\/users\/2"}],"replies":[{"embeddable":true,"href":"https:\/\/www.europesays.com\/es\/wp-json\/wp\/v2\/comments?post=262345"}],"version-history":[{"count":0,"href":"https:\/\/www.europesays.com\/es\/wp-json\/wp\/v2\/posts\/262345\/revisions"}],"wp:featuredmedia":[{"embeddable":true,"href":"https:\/\/www.europesays.com\/es\/wp-json\/wp\/v2\/media\/262346"}],"wp:attachment":[{"href":"https:\/\/www.europesays.com\/es\/wp-json\/wp\/v2\/media?parent=262345"}],"wp:term":[{"taxonomy":"category","embeddable":true,"href":"https:\/\/www.europesays.com\/es\/wp-json\/wp\/v2\/categories?post=262345"},{"taxonomy":"post_tag","embeddable":true,"href":"https:\/\/www.europesays.com\/es\/wp-json\/wp\/v2\/tags?post=262345"}],"curies":[{"name":"wp","href":"https:\/\/api.w.org\/{rel}","templated":true}]}}