{"id":262349,"date":"2025-11-29T17:04:08","date_gmt":"2025-11-29T17:04:08","guid":{"rendered":"https:\/\/www.europesays.com\/es\/262349\/"},"modified":"2025-11-29T17:04:08","modified_gmt":"2025-11-29T17:04:08","slug":"el-gobierno-excluye-a-telefonica-del-contrato-de-ciberseguridad-del-estado","status":"publish","type":"post","link":"https:\/\/www.europesays.com\/es\/262349\/","title":{"rendered":"El Gobierno excluye a Telef\u00f3nica del contrato de ciberseguridad del Estado"},"content":{"rendered":"<p style=\"\">La Mesa de Contrataci\u00f3n de los servicios consolidados de telecomunicaciones de la Administraci\u00f3n General del Estado ha acordado proponer la exclusi\u00f3n de la UTE integrada por <a href=\"https:\/\/www.abc.es\/noticias\/telefonica\/\" title=\"www.abc.es\" data-voc-vtm-id=\"in-text-traffic\" data-mrf-link=\"www.abc.es\" rel=\"nofollow noopener\" target=\"_blank\">Telef\u00f3nica de Espa\u00f1a y Telef\u00f3nica Soluciones <\/a>(UTE TdE-TSOL) como adjudicataria del lote 3 del contrato estatal de  &#8230; comunicaciones, relativo a los servicios de interconexi\u00f3n de centros de<strong> proceso de datos, seguridad e internet.<\/strong><\/p>\n<p class=\"voc-p\" style=\"\">El motivo es que una filial de la UTE<strong> carece de un plan de igualdad<\/strong>. Se trata, curiosamente, de la misma raz\u00f3n por la que la Mesa anul\u00f3 previamente el contrato obtenido por MasOrange.<\/p>\n<p class=\"voc-p\" style=\"\">En su sesi\u00f3n del 12 de noviembre de 2025, la Mesa concluy\u00f3 que la uni\u00f3n temporal liderada por la filial de Telef\u00f3nica deb\u00eda quedar fuera del lote 3, relativo a los servicios de interconexi\u00f3n de centros de<strong> proceso de datos, seguridad e internet<\/strong>, dentro del expediente de &#8216;Servicios consolidados de telecomunicaciones de la Administraci\u00f3n General del Estado y otras entidades p\u00fablicas&#8217; (Fase III).<\/p>\n<p class=\"voc-p\" style=\"\">El \u00f3rgano colegiado afirma que la empresa Govertis Advisory Services, que aportaba solvencia t\u00e9cnica a la UTE, tiene m\u00e1s de 50 trabajadores y, pese a estar legalmente obligada, <strong>no consta con plan de igualdad inscrito en el registro oficial<\/strong>.<\/p>\n<p class=\"voc-p\" style=\"\">La Mesa se\u00f1ala que, al verificarse de oficio en el registro de planes de igualdad (Regcon) la ausencia de inscripci\u00f3n de Govertis, concurre una causa de prohibici\u00f3n de contratar conforme a la Ley de Contratos del Sector P\u00fablico, al tratarse de <strong>un requisito personal imprescindible para acceder al contrato<\/strong>.<\/p>\n<p class=\"voc-p\" style=\"\">El acta detalla que esta sociedad del grupo Telef\u00f3nica figuraba como<strong> entidad que integra solvencia t\u00e9cnica de la UTE<\/strong>, por lo que la falta de plan de igualdad afecta directamente a la aptitud de la oferta.<\/p>\n<p class=\"voc-p\" style=\"\">Antes de la decisi\u00f3n, la UTE TdE-TSOL <strong>intent\u00f3 sustituir a Govertis por otra empresa del grupo<\/strong>, Telef\u00f3nica Cybersecurity &amp; Cloud Tech (TCCT), para lo que aleg\u00f3 que esta \u00faltima habr\u00eda desarrollado ya las capacidades necesarias para asumir los perfiles comprometidos, incluido el responsable de &#8216;compliance&#8217;.<\/p>\n<p class=\"voc-p\" style=\"\">La Mesa rechaza esta posibilidad al entender que <strong>supondr\u00eda modificar la oferta fuera de plazo<\/strong> y completar la solvencia de la licitadora despu\u00e9s del cierre de presentaci\u00f3n de proposiciones, lo que vulnera los principios de igualdad de trato, transparencia y libre concurrencia.<\/p>\n<p>\nLote desierto y efectos en otros servicios\n<\/p>\n<p class=\"voc-p\" style=\"\">El acuerdo de la Mesa precisa que, de prosperar la exclusi\u00f3n por parte del \u00f3rgano de contrataci\u00f3n, <strong>la licitaci\u00f3n del lote 3 quedar\u00e1 desierta<\/strong>, al no existir otro candidato con oferta clasificada en este tramo del contrato.<\/p>\n<p class=\"voc-p\" style=\"\">Adem\u00e1s, <strong>se traslada al \u00f3rgano de contrataci\u00f3n una consulta <\/strong>sobre los posibles efectos que esta situaci\u00f3n pudiera tener en el lote 1, que comparte el mismo adjudicatario propuesto.<\/p>\n<p class=\"voc-p\" style=\"\">El expediente forma parte de<strong> la tercera fase de los servicios consolidados de telecomunicaciones<\/strong>, que agrupan los contratos de comunicaciones de la AGE y de otras entidades p\u00fablicas bajo la coordinaci\u00f3n de la Secretar\u00eda de Estado de Funci\u00f3n P\u00fablica.<\/p>\n","protected":false},"excerpt":{"rendered":"La Mesa de Contrataci\u00f3n de los servicios consolidados de telecomunicaciones de la Administraci\u00f3n General del Estado ha acordado&hellip;\n","protected":false},"author":2,"featured_media":262350,"comment_status":"","ping_status":"","sticky":false,"template":"","format":"standard","meta":{"footnotes":""},"categories":[80],"tags":[82,13559,106,95,94,25,24,693,44223,582,23,1826],"class_list":{"0":"post-262349","1":"post","2":"type-post","3":"status-publish","4":"format-standard","5":"has-post-thumbnail","7":"category-economia","8":"tag-business","9":"tag-ciberseguridad","10":"tag-contrato","11":"tag-economia","12":"tag-economy","13":"tag-es","14":"tag-espana","15":"tag-estado","16":"tag-excluye","17":"tag-gobierno","18":"tag-spain","19":"tag-telefonica"},"share_on_mastodon":{"url":"https:\/\/pubeurope.com\/@es\/115634075582863386","error":""},"_links":{"self":[{"href":"https:\/\/www.europesays.com\/es\/wp-json\/wp\/v2\/posts\/262349","targetHints":{"allow":["GET"]}}],"collection":[{"href":"https:\/\/www.europesays.com\/es\/wp-json\/wp\/v2\/posts"}],"about":[{"href":"https:\/\/www.europesays.com\/es\/wp-json\/wp\/v2\/types\/post"}],"author":[{"embeddable":true,"href":"https:\/\/www.europesays.com\/es\/wp-json\/wp\/v2\/users\/2"}],"replies":[{"embeddable":true,"href":"https:\/\/www.europesays.com\/es\/wp-json\/wp\/v2\/comments?post=262349"}],"version-history":[{"count":0,"href":"https:\/\/www.europesays.com\/es\/wp-json\/wp\/v2\/posts\/262349\/revisions"}],"wp:featuredmedia":[{"embeddable":true,"href":"https:\/\/www.europesays.com\/es\/wp-json\/wp\/v2\/media\/262350"}],"wp:attachment":[{"href":"https:\/\/www.europesays.com\/es\/wp-json\/wp\/v2\/media?parent=262349"}],"wp:term":[{"taxonomy":"category","embeddable":true,"href":"https:\/\/www.europesays.com\/es\/wp-json\/wp\/v2\/categories?post=262349"},{"taxonomy":"post_tag","embeddable":true,"href":"https:\/\/www.europesays.com\/es\/wp-json\/wp\/v2\/tags?post=262349"}],"curies":[{"name":"wp","href":"https:\/\/api.w.org\/{rel}","templated":true}]}}