{"id":262351,"date":"2025-11-29T17:05:10","date_gmt":"2025-11-29T17:05:10","guid":{"rendered":"https:\/\/www.europesays.com\/es\/262351\/"},"modified":"2025-11-29T17:05:10","modified_gmt":"2025-11-29T17:05:10","slug":"la-prensa-en-aleman-analiza-posibles-escenarios-en-venezuela-dw-28-11-2025","status":"publish","type":"post","link":"https:\/\/www.europesays.com\/es\/262351\/","title":{"rendered":"La prensa en alem\u00e1n analiza posibles escenarios en Venezuela \u2013 DW \u2013 28\/11\/2025"},"content":{"rendered":"<p>El diario alem\u00e1n Handelsblatt dedica un art\u00edculo titulado Final del juego para el Estado petrolero del Caribe a la escalada entre <a class=\"internal-link\" href=\"https:\/\/www.dw.com\/es\/estados-unidos\/t-17411942\" rel=\"nofollow noopener\" target=\"_blank\">Estados Unidos<\/a> y <a class=\"internal-link\" href=\"https:\/\/www.dw.com\/es\/venezuela\/t-17410652\" rel=\"nofollow noopener\" target=\"_blank\">Venezuela<\/a>. Aqu\u00ed un extracto del mismo:<\/p>\n<p>\u00abSemana tras semana, el presidente estadounidense aumenta la presi\u00f3n militar sobre el r\u00e9gimen de Venezuela y su presidente, <a class=\"internal-link\" href=\"https:\/\/www.dw.com\/es\/nicol\u00e1s-maduro\/t-17409336\" rel=\"nofollow noopener\" target=\"_blank\">Nicol\u00e1s Maduro<\/a>. (&#8230;)<\/p>\n<p>El creciente nerviosismo tambi\u00e9n se debe al conocido patr\u00f3n de la pol\u00edtica estadounidense: distraer la atenci\u00f3n de los problemas internos con <a class=\"internal-link\" href=\"https:\/\/www.dw.com\/es\/de-guerrillas-a-narcos-eeuu-redefine-la-lucha-antiterrorista-en-el-hemisferio\/a-74941030\" rel=\"nofollow noopener\" target=\"_blank\">aventuras en pol\u00edtica exterior.<\/a> De hecho, <a class=\"internal-link\" href=\"https:\/\/www.dw.com\/es\/donald-trump\/t-19445010\" rel=\"nofollow noopener\" target=\"_blank\">Trump<\/a> se encuentra actualmente bajo una\u00a0considerable presi\u00f3n interna. Sus \u00edndices de aprobaci\u00f3n est\u00e1n disminuyendo.<\/p>\n<p>El caso Epstein, o m\u00e1s bien su prolongada negativa a publicar documentos sobre el delincuente sexual convicto, provoc\u00f3 una divisi\u00f3n dentro del movimiento MAGA, al igual que su controvertida gesti\u00f3n de la crisis durante la guerra en Ucrania.<\/p>\n<p>&#8216;Con Trump todo es posible. Pero no creo que se atreva a una invasi\u00f3n. Estados Unidos ha tenido muy malas experiencias con eso; basta con mirar Afganist\u00e1n e Irak&#8217;, dice el polit\u00f3logo de Stanford Francis Fukuyama a Handelsblatt. Pero tambi\u00e9n a\u00f1ade: &#8216;El Gobierno estadounidense est\u00e1 decidido a probar todo, excepto una invasi\u00f3n para derrocar al r\u00e9gimen de Caracas'\u00bb.<\/p>\n<p>\u00abImprobable despliegue de tropas terrestres\u00bb<\/p>\n<p>Por su parte, el medio Zeit online trae una entrevista con Britta Candall, polit\u00f3loga estadounidense y experta en Am\u00e9rica Latina, para analizar los posibles escenarios en Venezuela.<\/p>\n<p>\u00ab<strong>Zeit:<\/strong> Venezuela lleva tiempo sumida en una crisis econ\u00f3mica. Maduro es muy impopular y su victoria electoral del a\u00f1o pasado fue casi con certeza manipulada. \u00bfPodr\u00eda la presi\u00f3n militar estadounidense desencadenar una transferencia pac\u00edfica del poder en el pa\u00eds?<\/p>\n<p><strong>Crandall:<\/strong> S\u00ed, es una posibilidad. Pero primero, hay que entender que el propio Trump se ha colocado a s\u00ed mismo en un dilema. Estados Unidos no puede estacionar indefinidamente una parte tan grande de su Armada frente a las costas de Venezuela. Al mismo tiempo, Trump no puede simplemente retirar la Armada estadounidense sin parecer d\u00e9bil. En \u00faltima instancia, un acuerdo podr\u00eda preservar el poder de Maduro o forzar su renuncia. El Gobierno estadounidense tambi\u00e9n podr\u00eda recurrir a ataques militares selectivos, que f\u00e1cilmente podr\u00edan presentarse como un \u00e9xito contra el narcotr\u00e1fico, antes de regresar a casa.<\/p>\n<p><img data-format=\"MASTER_LANDSCAPE\" data-id=\"74866350\" data-url=\"https:\/\/static.dw.com\/image\/74866350_${formatId}.jpg\" data-aspect-ratio=\"16\/9\" alt=\"Aviones militares volando en formaci\u00f3n.\" style=\"padding-bottom: 56.25%; height: 0; max-height: 0;\"\/>Portaaviones estadounidense Gerald R. Ford y B-52 realizando maniobras el 13 de noviembre de 2025.Imagen: Mc2 Daniel Ruiz\/U.S. Navy\/Planet Pix\/ZUMA\/picture alliance<\/p>\n<p>(&#8230;.) <strong>Zeit:<\/strong> Trump inicialmente mostr\u00f3 su disposici\u00f3n a dialogar con Maduro, pero luego no descart\u00f3 el <a class=\"internal-link\" href=\"https:\/\/www.dw.com\/es\/trump-anuncia-operaciones-por-tierra-en-venezuela\/a-74933205\" rel=\"nofollow noopener\" target=\"_blank\">despliegue de tropas terrestres.<\/a> \u00bfQu\u00e9 escenarios militares considera posibles?<\/p>\n<p><strong>Crandall:<\/strong> Considero improbable el despliegue de tropas terrestres. Estados Unidos no quiere involucrarse en una guerra de guerrillas desastrosa. Si ocurre un ataque, ser\u00e1 m\u00e1s selectivo. El Congreso a\u00fan no le ha otorgado a Trump el derecho a hacerlo, aunque\u00a0no ha permitido que eso lo detenga en el pasado.<\/p>\n<p><strong>Zeit:<\/strong> \u00bfQu\u00e9 papel juegan los recursos naturales de Venezuela en este conflicto?<\/p>\n<p><strong>Crandall: <\/strong>Estados Unidos no tendr\u00eda un inter\u00e9s tan fuerte en Venezuela si no fuera <a class=\"internal-link\" href=\"https:\/\/www.dw.com\/es\/venezuela-estados-unidos-y-la-carrera-por-el-petr\u00f3leo-del-caribe\/a-74114670\" rel=\"nofollow noopener\" target=\"_blank\">el pa\u00eds petrolero m\u00e1s rico<\/a> del mundo. El petr\u00f3leo es clave para comprender c\u00f3mo Hugo Ch\u00e1vez lleg\u00f3 al poder en Venezuela, c\u00f3mo se mantuvo en el poder y c\u00f3mo su sucesor, Maduro, se ha mantenido en el poder hasta el d\u00eda de hoy. Ambos presidentes reprimen a la oposici\u00f3n pol\u00edtica y a los disidentes\u00bb.<\/p>\n<p>Operaci\u00f3n \u00abLanza del Sur\u00bb<\/p>\n<p>El diario suizo Neue Z\u00fcrcher Zeitung comenta las capacidades militares y las posibles estrategias que podr\u00eda emplear Estados Unidos en su ofensiva contra Venezuela:<\/p>\n<p>\u00abActualmente, las fuerzas estadounidenses son insuficientes para lanzar un <a class=\"internal-link\" href=\"https:\/\/www.dw.com\/es\/maduro-ordena-a-la-fuerza-a\u00e9rea-estar-lista-para-defender-venezuela\/a-74933077\" rel=\"nofollow noopener\" target=\"_blank\">ataque integral<\/a> contra el r\u00e9gimen. Por lo tanto, para comprender la idea detr\u00e1s de la operaci\u00f3n &#8216;Lanza del Sur&#8217;,\u00a0es necesario analizar el momento oportuno: \u00bfcu\u00e1ndo estar\u00e1 EE. UU. en condiciones no solo de presionar a Maduro, sino tambi\u00e9n de derrotarlo? Solo entonces la intensificaci\u00f3n militar ser\u00e1 cre\u00edble.<\/p>\n<p>El Comando Sur, responsable general de la campa\u00f1a, probablemente ya haya finalizado los planes operativos. En este proceso, el nivel operativo traduce las intenciones estrat\u00e9gicas en \u00f3rdenes militares concretas. Bajo el mando de la 2.\u00aa Fuerza Expedicionaria de Infanter\u00eda de Marina (II MEF), se ha formado una Fuerza de Tarea Conjunta, que coordina los diversos grupos\u00a0del poder militar.<\/p>\n<p>El Cuerpo de Marines de EE. UU., como parte administrativa de la Armada, se especializa, entre otras cosas, en desembarcos anfibios r\u00e1pidos. El Grupo de Preparaci\u00f3n Anfibia &#8216;Iwo Jima&#8217;, y por lo tanto un batall\u00f3n de infantes de marina con esta especializaci\u00f3n, ya se encuentra frente a la costa. El II MEF podr\u00eda enviar dos unidades m\u00e1s desde Fort Lejeune en Carolina del Norte al Caribe para luchar por cabezas de playa en la costa. Posteriormente, se dispondr\u00eda de hasta diez batallones de marines, capaces de controlar dos o tres \u00e1reas limitadas.<\/p>\n<p>Una operaci\u00f3n contra el r\u00e9gimen de Caracas tendr\u00eda la ventaja, sobre otros despliegues de las fuerzas armadas estadounidenses, de contar con l\u00edneas de suministro y comunicaci\u00f3n significativamente m\u00e1s cortas. Puerto Rico, situado en el coraz\u00f3n del Caribe, sirve como centro para este prop\u00f3sito. Im\u00e1genes satelitales muestran que Estados Unidos est\u00e1 <a class=\"internal-link\" href=\"https:\/\/www.dw.com\/es\/eeuu-usar\u00e1-aeropuertos-dominicanos-como-parte-de-su-despliegue-militar-en-el-caribe\/a-74914128\" rel=\"nofollow noopener\" target=\"_blank\">reactivando la base<\/a> desmantelada de Roosevelt Roads en la isla.<\/p>\n<p>(..) El Comando Sur tiene la capacidad de aumentar el n\u00famero de tropas con mucha mayor rapidez y, por lo tanto, de forma m\u00e1s inesperada que en Europa u\u00a0Oriente Medio\u00bb.<\/p>\n<p>(ms\/el)<\/p>\n<p>\u00a0<\/p>\n<p>\u00a0<\/p>\n","protected":false},"excerpt":{"rendered":"El diario alem\u00e1n Handelsblatt dedica un art\u00edculo titulado Final del juego para el Estado petrolero del Caribe a&hellip;\n","protected":false},"author":2,"featured_media":262352,"comment_status":"","ping_status":"","sticky":false,"template":"","format":"standard","meta":{"footnotes":""},"categories":[42],"tags":[17,18,13,14,11,61,62,63,64,19,20,9,10,15,16,12,21,22,65,66,67],"class_list":{"0":"post-262351","1":"post","2":"type-post","3":"status-publish","4":"format-standard","5":"has-post-thumbnail","7":"category-internacional","8":"tag-breaking-news","9":"tag-breakingnews","10":"tag-featured-news","11":"tag-featurednews","12":"tag-headlines","13":"tag-internacional","14":"tag-international","15":"tag-international-news","16":"tag-internationalnews","17":"tag-latest-news","18":"tag-latestnews","19":"tag-news","20":"tag-noticias","21":"tag-noticias-destacadas","22":"tag-noticiasdestacadas","23":"tag-titulares","24":"tag-ultimas-noticias","25":"tag-ultimasnoticias","26":"tag-world","27":"tag-world-news","28":"tag-worldnews"},"share_on_mastodon":{"url":"https:\/\/pubeurope.com\/@es\/115634079337895662","error":""},"_links":{"self":[{"href":"https:\/\/www.europesays.com\/es\/wp-json\/wp\/v2\/posts\/262351","targetHints":{"allow":["GET"]}}],"collection":[{"href":"https:\/\/www.europesays.com\/es\/wp-json\/wp\/v2\/posts"}],"about":[{"href":"https:\/\/www.europesays.com\/es\/wp-json\/wp\/v2\/types\/post"}],"author":[{"embeddable":true,"href":"https:\/\/www.europesays.com\/es\/wp-json\/wp\/v2\/users\/2"}],"replies":[{"embeddable":true,"href":"https:\/\/www.europesays.com\/es\/wp-json\/wp\/v2\/comments?post=262351"}],"version-history":[{"count":0,"href":"https:\/\/www.europesays.com\/es\/wp-json\/wp\/v2\/posts\/262351\/revisions"}],"wp:featuredmedia":[{"embeddable":true,"href":"https:\/\/www.europesays.com\/es\/wp-json\/wp\/v2\/media\/262352"}],"wp:attachment":[{"href":"https:\/\/www.europesays.com\/es\/wp-json\/wp\/v2\/media?parent=262351"}],"wp:term":[{"taxonomy":"category","embeddable":true,"href":"https:\/\/www.europesays.com\/es\/wp-json\/wp\/v2\/categories?post=262351"},{"taxonomy":"post_tag","embeddable":true,"href":"https:\/\/www.europesays.com\/es\/wp-json\/wp\/v2\/tags?post=262351"}],"curies":[{"name":"wp","href":"https:\/\/api.w.org\/{rel}","templated":true}]}}