{"id":262353,"date":"2025-11-29T17:06:10","date_gmt":"2025-11-29T17:06:10","guid":{"rendered":"https:\/\/www.europesays.com\/es\/262353\/"},"modified":"2025-11-29T17:06:10","modified_gmt":"2025-11-29T17:06:10","slug":"hallan-muertas-a-dos-chicas-adolescentes-en-un-parque-de-jaen","status":"publish","type":"post","link":"https:\/\/www.europesays.com\/es\/262353\/","title":{"rendered":"Hallan muertas a dos chicas adolescentes en un parque de Ja\u00e9n"},"content":{"rendered":"<p class=\"articleParagraph\">La Polic\u00eda Nacional ha confirmado este s\u00e1bado la muerte de dos chicas de 15 y 16 a\u00f1os la pasada madrugada halladas en un parque de Ja\u00e9n, seg\u00fan fuentes cercanas a la investigaci\u00f3n, que <b>apuntan a muerte por suicidio<\/b>.<\/p>\n<p class=\"articleParagraph\">Las fuentes de la investigaci\u00f3n han se\u00f1alado que en una primera inspecci\u00f3n ocular <b>no se aprecian signos de violencia externa<\/b> y aunque la investigaci\u00f3n est\u00e1 abierta las mismas fuentes descartan en este momento la participaci\u00f3n de terceras personas.<\/p>\n<p class=\"articleParagraph\">El hallazgo de los dos cuerpos sin vida de las dos adolescentes tuvo lugar la pasada madrugada en el <b>Parque de la Concordia<\/b>, situado en pleno centro de la capital jiennense.<\/p>\n<p>Decretado el secreto de sumario<\/p>\n<p class=\"articleParagraph\">La autoridad judicial ha decretado <b>secreto de sumario<\/b> de este caso que ha conmocionado a la capital jiennense.<\/p>\n<p class=\"articleParagraph\">La Brigada Judicial de la Polic\u00eda Nacional se ha hecho cargo de la investigaci\u00f3n del caso de estas menores, de las que<b> no han trascendido m\u00e1s datos<\/b>.<\/p>\n<p class=\"articleParagraph\">El subdelegado del Gobierno en Ja\u00e9n, Manuel Fern\u00e1ndez, ha declarado a EFE que la Polic\u00eda Nacional est\u00e1 investigando las circunstancias de la muerte de las dos menores y ha confirmado que la primera inspecci\u00f3n ocular <b>no indica signos de violencia externa<\/b>.<\/p>\n<p>Se descartar\u00eda la participaci\u00f3n directa de terceras personas<\/p>\n<p class=\"articleParagraph\">Por esta raz\u00f3n en este momento <b>se descartar\u00eda la participaci\u00f3n directa de terceras personas<\/b> aunque la investigaci\u00f3n se mantiene abierta.<\/p>\n<p class=\"articleParagraph\">Manuel Fern\u00e1ndez ha pedido que se mantenga el m\u00e1ximo respeto para las menores fallecidas y a sus familias, \u00aba quienes queremos trasladar nuestro dolor en unos momentos extraordinariamente duros\u00bb.<\/p>\n","protected":false},"excerpt":{"rendered":"La Polic\u00eda Nacional ha confirmado este s\u00e1bado la muerte de dos chicas de 15 y 16 a\u00f1os la&hellip;\n","protected":false},"author":2,"featured_media":262354,"comment_status":"","ping_status":"","sticky":false,"template":"","format":"standard","meta":{"footnotes":""},"categories":[8],"tags":[17,18,25,24,13,14,11,19,20,9,10,15,16,23,12,21,22],"class_list":{"0":"post-262353","1":"post","2":"type-post","3":"status-publish","4":"format-standard","5":"has-post-thumbnail","7":"category-espana","8":"tag-breaking-news","9":"tag-breakingnews","10":"tag-es","11":"tag-espana","12":"tag-featured-news","13":"tag-featurednews","14":"tag-headlines","15":"tag-latest-news","16":"tag-latestnews","17":"tag-news","18":"tag-noticias","19":"tag-noticias-destacadas","20":"tag-noticiasdestacadas","21":"tag-spain","22":"tag-titulares","23":"tag-ultimas-noticias","24":"tag-ultimasnoticias"},"share_on_mastodon":{"url":"https:\/\/pubeurope.com\/@es\/115634083297677013","error":""},"_links":{"self":[{"href":"https:\/\/www.europesays.com\/es\/wp-json\/wp\/v2\/posts\/262353","targetHints":{"allow":["GET"]}}],"collection":[{"href":"https:\/\/www.europesays.com\/es\/wp-json\/wp\/v2\/posts"}],"about":[{"href":"https:\/\/www.europesays.com\/es\/wp-json\/wp\/v2\/types\/post"}],"author":[{"embeddable":true,"href":"https:\/\/www.europesays.com\/es\/wp-json\/wp\/v2\/users\/2"}],"replies":[{"embeddable":true,"href":"https:\/\/www.europesays.com\/es\/wp-json\/wp\/v2\/comments?post=262353"}],"version-history":[{"count":0,"href":"https:\/\/www.europesays.com\/es\/wp-json\/wp\/v2\/posts\/262353\/revisions"}],"wp:featuredmedia":[{"embeddable":true,"href":"https:\/\/www.europesays.com\/es\/wp-json\/wp\/v2\/media\/262354"}],"wp:attachment":[{"href":"https:\/\/www.europesays.com\/es\/wp-json\/wp\/v2\/media?parent=262353"}],"wp:term":[{"taxonomy":"category","embeddable":true,"href":"https:\/\/www.europesays.com\/es\/wp-json\/wp\/v2\/categories?post=262353"},{"taxonomy":"post_tag","embeddable":true,"href":"https:\/\/www.europesays.com\/es\/wp-json\/wp\/v2\/tags?post=262353"}],"curies":[{"name":"wp","href":"https:\/\/api.w.org\/{rel}","templated":true}]}}