{"id":262355,"date":"2025-11-29T17:07:18","date_gmt":"2025-11-29T17:07:18","guid":{"rendered":"https:\/\/www.europesays.com\/es\/262355\/"},"modified":"2025-11-29T17:07:18","modified_gmt":"2025-11-29T17:07:18","slug":"el-alcalde-de-santa-brigida-cesa-de-sus-funciones-al-concejal-javier-ramirez-ayuntamiento-de-la-villa-de-santa-brigida","status":"publish","type":"post","link":"https:\/\/www.europesays.com\/es\/262355\/","title":{"rendered":"El alcalde de Santa Br\u00edgida cesa de sus funciones al concejal Javier Ram\u00edrez \u00bb Ayuntamiento de la Villa de Santa Br\u00edgida"},"content":{"rendered":"<p>El pasado jueves, 20 de noviembre, y tras la presentaci\u00f3n de un escrito por parte del portavoz del Partido Popular, Don Mart\u00edn Sosa Dom\u00ednguez, en el que se pon\u00edan en conocimiento de esta Alcald\u00eda una serie de actuaciones presuntamente realizadas en el mes de septiembre por el concejal Don Javier Ram\u00edrez Mendoza, relativas a la manipulaci\u00f3n, transporte y entrega de residuos (cables de cobre y aluminio) procedentes del almac\u00e9n municipal, se acord\u00f3 la incoaci\u00f3n de un expediente informativo con el fin de esclarecer los hechos y depurar las posibles responsabilidades derivadas de los mismos.<\/p>\n<p>\u00a0Durante la tramitaci\u00f3n inicial del expediente, el concejal implicado reconoci\u00f3 los hechos y admiti\u00f3 haber actuado err\u00f3neamente sin seguir el procedimiento administrativo establecido, procediendo a la devoluci\u00f3n \u00edntegra de las cantidades econ\u00f3micas percibidas (780,00 euros) a las arcas municipales por la entrega de dichos materiales.<\/p>\n<p>\u00a0Si bien esta rectificaci\u00f3n ha sido tenida en consideraci\u00f3n, las actuaciones realizadas suponen una vulneraci\u00f3n de los principios de transparencia, ejemplaridad y correcta gesti\u00f3n de los recursos p\u00fablicos que deben regir la labor de todo cargo p\u00fablico. En consecuencia, y atendiendo a la obligaci\u00f3n de preservar la credibilidad en las instituciones y garantizar el buen funcionamiento de la administraci\u00f3n municipal, se ha producido una p\u00e9rdida de confianza que obliga al alcalde, Jos\u00e9 Armengol, a proceder al cese del concejal de sus responsabilidades.<\/p>\n","protected":false},"excerpt":{"rendered":"El pasado jueves, 20 de noviembre, y tras la presentaci\u00f3n de un escrito por parte del portavoz del&hellip;\n","protected":false},"author":2,"featured_media":262356,"comment_status":"","ping_status":"","sticky":false,"template":"","format":"standard","meta":{"footnotes":""},"categories":[5],"tags":[17,18,25,24,13,14,11,19,20,9,10,15,16,23,12,21,22],"class_list":{"0":"post-262355","1":"post","2":"type-post","3":"status-publish","4":"format-standard","5":"has-post-thumbnail","7":"category-titulares","8":"tag-breaking-news","9":"tag-breakingnews","10":"tag-es","11":"tag-espana","12":"tag-featured-news","13":"tag-featurednews","14":"tag-headlines","15":"tag-latest-news","16":"tag-latestnews","17":"tag-news","18":"tag-noticias","19":"tag-noticias-destacadas","20":"tag-noticiasdestacadas","21":"tag-spain","22":"tag-titulares","23":"tag-ultimas-noticias","24":"tag-ultimasnoticias"},"share_on_mastodon":{"url":"https:\/\/pubeurope.com\/@es\/115634087133929641","error":""},"_links":{"self":[{"href":"https:\/\/www.europesays.com\/es\/wp-json\/wp\/v2\/posts\/262355","targetHints":{"allow":["GET"]}}],"collection":[{"href":"https:\/\/www.europesays.com\/es\/wp-json\/wp\/v2\/posts"}],"about":[{"href":"https:\/\/www.europesays.com\/es\/wp-json\/wp\/v2\/types\/post"}],"author":[{"embeddable":true,"href":"https:\/\/www.europesays.com\/es\/wp-json\/wp\/v2\/users\/2"}],"replies":[{"embeddable":true,"href":"https:\/\/www.europesays.com\/es\/wp-json\/wp\/v2\/comments?post=262355"}],"version-history":[{"count":0,"href":"https:\/\/www.europesays.com\/es\/wp-json\/wp\/v2\/posts\/262355\/revisions"}],"wp:featuredmedia":[{"embeddable":true,"href":"https:\/\/www.europesays.com\/es\/wp-json\/wp\/v2\/media\/262356"}],"wp:attachment":[{"href":"https:\/\/www.europesays.com\/es\/wp-json\/wp\/v2\/media?parent=262355"}],"wp:term":[{"taxonomy":"category","embeddable":true,"href":"https:\/\/www.europesays.com\/es\/wp-json\/wp\/v2\/categories?post=262355"},{"taxonomy":"post_tag","embeddable":true,"href":"https:\/\/www.europesays.com\/es\/wp-json\/wp\/v2\/tags?post=262355"}],"curies":[{"name":"wp","href":"https:\/\/api.w.org\/{rel}","templated":true}]}}