{"id":262357,"date":"2025-11-29T17:15:16","date_gmt":"2025-11-29T17:15:16","guid":{"rendered":"https:\/\/www.europesays.com\/es\/262357\/"},"modified":"2025-11-29T17:15:16","modified_gmt":"2025-11-29T17:15:16","slug":"alberto-diaz-con-chus-todo-es-mas-abierto-el-juego-mas-libre","status":"publish","type":"post","link":"https:\/\/www.europesays.com\/es\/262357\/","title":{"rendered":"Alberto D\u00edaz: \u201cCon Chus todo es m\u00e1s abierto; el juego, m\u00e1s libre\u201d"},"content":{"rendered":"<p class=\"\">Alberto D\u00edaz, 31 a\u00f1os y 52 internacionalidades, ejerce por primera vez como capit\u00e1n de la Selecci\u00f3n espa\u00f1ola. Atendi\u00f3 a AS unos minutos en las entra\u00f1as del Farum Arena de Copenhague.<\/p>\n<p class=\"\"><b>\u00bfC\u00f3mo han sido los primeros d\u00edas sin Scariolo durante tantos a\u00f1os: extra\u00f1os, ilusionantes?<\/b><\/p>\n<p class=\"\">Una mezcla de sentimientos. Al final, ven\u00edamos con unos automatismos de antes y ahora es todo nuevo. Idea nueva, filosof\u00eda nueva. Pero muy ilusionante.<\/p>\n<p class=\"\"><b>Oriol Paul\u00ed dice que han cambiado todos los sistemas y que este equipo ser\u00e1 m\u00e1s din\u00e1mico que el de Scariolo. \u00bfC\u00f3mo lo ve?<\/b><\/p>\n<p class=\"\">Son filosof\u00edas diferentes. Con Sergio ten\u00edamos unas reglas muy claras y una forma de jugar t\u00e1cticamente muy focalizada a los objetivos que quer\u00edamos dentro de la pista. Con Chus es todo mucho m\u00e1s abierto, con m\u00e1s opciones, con un juego m\u00e1s libre. M\u00e1s libertad de decisi\u00f3n de los manejadores y tiradores para atacar. Son filosof\u00edas diferentes y nos hemos adaptado bien. El equipo se siente c\u00f3modo.<\/p>\n<p class=\"\"><b>\u00bfC\u00f3mo cree que debe plantearse la Selecci\u00f3n esta nueva etapa despu\u00e9s del cambio de entrenador y el batacazo de Limasol?<\/b><\/p>\n<p class=\"\">Como jugador, es complicado decirlo. Es cierto que en los \u00faltimos a\u00f1os nos ha costado conseguir los objetivos. Por eso es un nuevo ciclo. Es ilusionante porque ahora hay mucho jugador nacional destacando en la ACB, que otros a\u00f1os quiz\u00e1 costaba m\u00e1s encontrar. Y hay j\u00f3venes con un talento brutal desarroll\u00e1ndose en Estados Unidos. Hay que focalizar esto con paciencia y con ilusi\u00f3n porque tenemos la materia prima y los diamantes en bruto. Y, sobre todo, los veteranos tenemos que guiar a los m\u00e1s j\u00f3venes en este contexto.<\/p>\n<p class=\"\"><b>Capit\u00e1n de la Selecci\u00f3n de baloncesto. Si uno repasa la lista, no es cualquier cosa\u2026<\/b><\/p>\n<p class=\"\">Yo empec\u00e9 tarde en la Selecci\u00f3n, sobre todo en campeonatos oficiales. Es una ilusi\u00f3n tremenda y lo que intento es transmitir esos valores que los grandes capitanes que he tenido me han transmitido a m\u00ed. Aqu\u00ed todos nos conocemos y sabemos cu\u00e1l es la l\u00ednea que hay. El equipo por delante del yo personal. Ser capit\u00e1n de estos jugadores es muy sencillo. Y lo m\u00e1s importante para m\u00ed, como capit\u00e1n en esta Ventana, es ganar los dos partidos. Y el primero, ya lo tenemos.<\/p>\n<p class=\"\"><b>Lleva ya ejerciendo la capitan\u00eda muchos a\u00f1os en el Unicaja. \u00bfQu\u00e9 cosas puede trasladar de c\u00f3mo ejerce en el vestuario del Carpena?<\/b><\/p>\n<p class=\"\">Realmente, siempre son los mismos. Esfuerzo, sacrificio, trabajo. Poner al equipo por delante de los n\u00fameros y eso es muy sencillo porque el jugador nacional tiende mucho a eso, a jugar en equipo. Se ayuda y est\u00e1 unido. Simplemente tengo que estar al frente.<\/p>\n<p class=\"\"><b>No debut\u00f3 con Chus Mateo en M\u00e1laga, \u00bfpero al menos comparti\u00f3 entrenamientos en su etapa?<\/b><\/p>\n<p class=\"\">No, en esa \u00e9poca estaba Pepe Pozas. Pero tengo una muy buena relaci\u00f3n de muchos a\u00f1os. Hemos jugado tantas veces que ya nos conoc\u00edamos y nuestra relaci\u00f3n personal era magn\u00edfica. Y ahora que puedo por fin puedo jugar con \u00e9l, mucho m\u00e1s.<\/p>\n<p class=\"\"><b>\u00bfEsperaba ese crecimiento que ha tenido como entrenador?<\/b><\/p>\n<p class=\"\">Todo cae por su propio peso. \u00c9l siempre ha sido un fant\u00e1stico ayudante y un gran entrenador. Qu\u00e9 voy a decir de Chus, si ha ganado una Euroliga, que aqu\u00ed nadie la ha ganado. Y no s\u00f3lo eso, sino entrenar al m\u00e1ximo nivel y dirigir jugadores de nivel top, hace que est\u00e9 aqu\u00ed por m\u00e9ritos propios y es el seleccionador ideal para llevar este nuevo ciclo.<\/p>\n<p class=\"\"><b>\u00bfC\u00f3mo ve el panorama de las Ventanas? Los jugadores empiezan a tomar decisiones. Campazzo y Deck, con Argentina; Hezonja, con Croacia, Shengelia, con Georgia. Los espa\u00f1oles no vienen. Es una anomal\u00eda. \u00bfCu\u00e1l es su postura?<\/b><\/p>\n<p class=\"\">Es cierto que es una situaci\u00f3n at\u00edpica. No creo que sea justo. Nuestros jugadores del Valencia, que juegan Euroliga, tambi\u00e9n quieren venir. Quieren estar aqu\u00ed, representar a sus compa\u00f1eros y a su pa\u00eds. No gusta que haya ese solapamiento entre competiciones. Pero es lo que hay y nosotros tenemos que ir para adelante con lo que tenemos. Ojal\u00e1 que, por el bien de baloncesto, se solucione, y que los seleccionadores tengan todo el material para elegir.<\/p>\n<p>Noticias relacionadas<\/p>\n<p class=\"\"><b>\u00a1Tus opiniones importan!<\/b><\/p>\n<p class=\"\">Comenta en los art\u00edculos y suscr\u00edbete gratis a nuestra <a href=\"https:\/\/asfan.as.com\/newsletters\/\" target=\"_blank\" rel=\"nofollow noopener\" title=\"https:\/\/asfan.as.com\/newsletters\/\">newsletter<\/a> y a las alertas informativas en la <a href=\"https:\/\/as.com\/aplicacion-de-as-n\/\" target=\"_blank\" rel=\"nofollow noopener\" title=\"https:\/\/as.com\/aplicacion-de-as-n\/\">App<\/a> o el canal de <a href=\"https:\/\/www.whatsapp.com\/channel\/0029VaAasdA7j6g745nz9M10\" target=\"_blank\" rel=\"nofollow noopener\" title=\"https:\/\/www.whatsapp.com\/channel\/0029VaAasdA7j6g745nz9M10\">WhatsApp<\/a>. \u00bfBuscas licenciar contenido? Haz clic <a href=\"https:\/\/profesional.elpais.com\/soluciones-sindicacion?utm_medium=interno&amp;utm_source=crosslinking&amp;utm_campaign=sindicacion_as_pie_articulos\" target=\"_blank\" rel=\"nofollow noopener\" title=\"https:\/\/profesional.elpais.com\/soluciones-sindicacion?utm_medium=interno&amp;utm_source=crosslinking&amp;utm_campaign=sindicacion_as_pie_articulos\">aqu\u00ed<\/a><\/p>\n","protected":false},"excerpt":{"rendered":"Alberto D\u00edaz, 31 a\u00f1os y 52 internacionalidades, ejerce por primera vez como capit\u00e1n de la Selecci\u00f3n espa\u00f1ola. Atendi\u00f3&hellip;\n","protected":false},"author":2,"featured_media":262358,"comment_status":"","ping_status":"","sticky":false,"template":"","format":"standard","meta":{"footnotes":""},"categories":[269],"tags":[299,298,168,25,24,23,167],"class_list":{"0":"post-262357","1":"post","2":"type-post","3":"status-publish","4":"format-standard","5":"has-post-thumbnail","7":"category-baloncesto","8":"tag-baloncesto","9":"tag-basketball","10":"tag-deportes","11":"tag-es","12":"tag-espana","13":"tag-spain","14":"tag-sports"},"share_on_mastodon":{"url":"https:\/\/pubeurope.com\/@es\/115634118682103555","error":""},"_links":{"self":[{"href":"https:\/\/www.europesays.com\/es\/wp-json\/wp\/v2\/posts\/262357","targetHints":{"allow":["GET"]}}],"collection":[{"href":"https:\/\/www.europesays.com\/es\/wp-json\/wp\/v2\/posts"}],"about":[{"href":"https:\/\/www.europesays.com\/es\/wp-json\/wp\/v2\/types\/post"}],"author":[{"embeddable":true,"href":"https:\/\/www.europesays.com\/es\/wp-json\/wp\/v2\/users\/2"}],"replies":[{"embeddable":true,"href":"https:\/\/www.europesays.com\/es\/wp-json\/wp\/v2\/comments?post=262357"}],"version-history":[{"count":0,"href":"https:\/\/www.europesays.com\/es\/wp-json\/wp\/v2\/posts\/262357\/revisions"}],"wp:featuredmedia":[{"embeddable":true,"href":"https:\/\/www.europesays.com\/es\/wp-json\/wp\/v2\/media\/262358"}],"wp:attachment":[{"href":"https:\/\/www.europesays.com\/es\/wp-json\/wp\/v2\/media?parent=262357"}],"wp:term":[{"taxonomy":"category","embeddable":true,"href":"https:\/\/www.europesays.com\/es\/wp-json\/wp\/v2\/categories?post=262357"},{"taxonomy":"post_tag","embeddable":true,"href":"https:\/\/www.europesays.com\/es\/wp-json\/wp\/v2\/tags?post=262357"}],"curies":[{"name":"wp","href":"https:\/\/api.w.org\/{rel}","templated":true}]}}