{"id":262366,"date":"2025-11-29T17:22:13","date_gmt":"2025-11-29T17:22:13","guid":{"rendered":"https:\/\/www.europesays.com\/es\/262366\/"},"modified":"2025-11-29T17:22:13","modified_gmt":"2025-11-29T17:22:13","slug":"f1-la-pelicula-llega-a-plataformas-donde-y-cuando-ver-la-epica-aventura-de-brad-pitt-junto-a-carlos-sainz-y-fernando-alonso","status":"publish","type":"post","link":"https:\/\/www.europesays.com\/es\/262366\/","title":{"rendered":"\u2018F1: La pel\u00edcula\u2019 llega a plataformas: d\u00f3nde y cu\u00e1ndo ver la \u00e9pica aventura de Brad Pitt junto a Carlos Sainz y Fernando Alonso"},"content":{"rendered":"<p>Tr\u00e1iler oficial de &#8216;F1&#8217;, protagonizada por Brad Pitt.<\/p>\n<p class=\"paragraph\">Ha sido una de las <a href=\"https:\/\/www.infobae.com\/espana\/cultura\/2025\/06\/29\/f1-la-pelicula-una-emocionante-oda-a-la-velocidad-el-trabajo-en-equipo-y-el-cine-espectaculo-del-hollywood-de-antes\/\" target=\"_blank\" rel=\"noreferrer nofollow noopener\" title=\"https:\/\/www.infobae.com\/espana\/cultura\/2025\/06\/29\/f1-la-pelicula-una-emocionante-oda-a-la-velocidad-el-trabajo-en-equipo-y-el-cine-espectaculo-del-hollywood-de-antes\/\">pel\u00edculas <\/a>m\u00e1s divertidas y espectaculares de todo el a\u00f1o, y era cuesti\u00f3n de tiempo que llegase tambi\u00e9n a plataformas para que el resto de espectadores pudiesen terminarlo vi\u00e9ndola. <b>F1: La pel\u00edcula<\/b> llega a plataformas y, aunque lo ha hecho de forma m\u00e1s lenta que los coches que circulan en ella, bien merece ser correspondida ahora con gran atenci\u00f3n en su aterrizaje en streaming. <\/p>\n<p class=\"paragraph\">Porque en realidad la pel\u00edcula protagonizada por Brad Pitt y con <a href=\"https:\/\/www.infobae.com\/espana\/cultura\/2025\/06\/27\/quien-es-quien-en-f1-la-pelicula-de-brad-pitt-y-javier-bardem-a-pilotos-como-lewis-hamilton-o-fernando-alonso\/\" target=\"_blank\" rel=\"noreferrer nofollow noopener\" title=\"https:\/\/www.infobae.com\/espana\/cultura\/2025\/06\/27\/quien-es-quien-en-f1-la-pelicula-de-brad-pitt-y-javier-bardem-a-pilotos-como-lewis-hamilton-o-fernando-alonso\/\">cameos <\/a>de buena parte de la F\u00f3rmula 1 otros tantos famosos lleg\u00f3 a cines hace ya bastantes meses, y fue sin duda uno de los estrenos destacados del verano. Ahora, varios meses despu\u00e9s de convertirse en una de las pel\u00edculas m\u00e1s taquilleras, F1: La pel\u00edcula llega nada menos que a la plataforma que produjo la pel\u00edcula, a saber, Apple TV. No obstante, tambi\u00e9n lo har\u00e1 por ende en algunos otros servicios que cuenten con Apple, como es el caso de Movistar+. En definitiva, no ser\u00e1n pocos los espectadores espa\u00f1oles que puedan ver la \u00faltima pel\u00edcula de Brad Pitt.<\/p>\n<p class=\"paragraph\">El actor de Malditos bastardos y Troya encarna aqu\u00ed a Sonny Hayes, una vieja gloria del mundo del automovilismo que se dedica a vagar sin rumbo ganando peque\u00f1as carreras, aunque con la espina clavada de qu\u00e9 podr\u00eda haber hecho en la m\u00e1xima competici\u00f3n si un grave accidente y los vicios que vinieron despu\u00e9s no le hubieran apartado de ello. Su gran oportunidad se presenta cuando se reencuentra con su antiguo compa\u00f1ero de equipo, Rub\u00e9n Cervantes (Javier Bardem), quien le ofrece la posibilidad de competir de nuevo en la <a href=\"https:\/\/www.infobae.com\/espana\/cultura\/2025\/07\/05\/la-primera-pelicula-sobre-la-formula-1-que-inspiro-la-de-brad-pitt-pilotos-reales-tecnicas-revolucionarias-y-un-accidente-que-cambio-todo\/\" target=\"_blank\" rel=\"noreferrer nofollow noopener\" title=\"https:\/\/www.infobae.com\/espana\/cultura\/2025\/07\/05\/la-primera-pelicula-sobre-la-formula-1-que-inspiro-la-de-brad-pitt-pilotos-reales-tecnicas-revolucionarias-y-un-accidente-que-cambio-todo\/\">F\u00f3rmula 1<\/a> bajo su escuder\u00eda, la cual necesita ganar al menos una carrera para poder seguir existiendo. Hayes tendr\u00e1 que dejar a un lado su orgullo y ego para volver a subirse al monoplaza y compartir pista con su joven compa\u00f1ero, Joshua Pierce (Damson Idris), quien tiene sus propios planes.<\/p>\n<p><img alt=\"Javier Bardem y Brad Pitt\" class=\"global-image\" decoding=\"async\" fetchpriority=\"low\" height=\"1210\" loading=\"lazy\" src=\"https:\/\/www.europesays.com\/es\/wp-content\/uploads\/2025\/11\/7VTME7RTIZCUDJUHAH2RIF5XXE.jpg\" width=\"2160\"\/>Javier Bardem y Brad Pitt en &#8216;F1: La pel\u00edcula&#8217;<\/p>\n<p class=\"paragraph\">M\u00e1s all\u00e1 de su historia, que sigue en gran medida algunos t\u00f3picos y estereotipos del cine de deportes, lo cierto es que F1: La pel\u00edcula brilla realmente en su apartado visual y de producci\u00f3n. El hecho de sumar el talento de Joseph Kosinski -quien ya hab\u00eda deslumbrado con la aviaci\u00f3n en Top Gun: Maverick- con el hecho de contar con el apoyo oficial de la F\u00f3rmula 1 hacen del filme una pel\u00edcula m\u00e1s veros\u00edmil y espectacular. Tanto es as\u00ed, que se puede ver circuitos reales, pilotos reales y hasta las propias carreras se rodaron durante la celebraci\u00f3n de varios grandes premios, aunque el coche en el que corr\u00eda Pitt era en realidad un F\u00f3rmula 2. Quiz\u00e1 todo ello lleve a que la pel\u00edcula est\u00e9 tambi\u00e9n en la carrera de premios, al menos en lo que a galardones t\u00e9cnicos se refiere.<\/p>\n<p class=\"paragraph\">Sabiendo todo esto, la fecha para que de comienzo esta nueva carrera de la pel\u00edcula en streaming est\u00e1 fijada para el 12 de diciembre, momento desde el cual todos los usuarios de Apple o Movistar podr\u00e1n disfrutar de Brad Pitt, Javier Bardem e incluso otros ilustres espa\u00f1oles como Carlos Sainz y Fernando Alonso, pilotos invitados a la parrilla para una espectacular pel\u00edcula sobre la velocidad y el trabajo en equipo.<\/p>\n","protected":false},"excerpt":{"rendered":"Tr\u00e1iler oficial de &#8216;F1&#8217;, protagonizada por Brad Pitt. Ha sido una de las pel\u00edculas m\u00e1s divertidas y espectaculares&hellip;\n","protected":false},"author":2,"featured_media":262367,"comment_status":"","ping_status":"","sticky":false,"template":"","format":"standard","meta":{"footnotes":""},"categories":[169],"tags":[177,146,147,25,24,176,175,23],"class_list":{"0":"post-262366","1":"post","2":"type-post","3":"status-publish","4":"format-standard","5":"has-post-thumbnail","7":"category-cine","8":"tag-cine","9":"tag-entertainment","10":"tag-entretenimiento","11":"tag-es","12":"tag-espana","13":"tag-film","14":"tag-movies","15":"tag-spain"},"share_on_mastodon":{"url":"https:\/\/pubeurope.com\/@es\/115634146497329778","error":""},"_links":{"self":[{"href":"https:\/\/www.europesays.com\/es\/wp-json\/wp\/v2\/posts\/262366","targetHints":{"allow":["GET"]}}],"collection":[{"href":"https:\/\/www.europesays.com\/es\/wp-json\/wp\/v2\/posts"}],"about":[{"href":"https:\/\/www.europesays.com\/es\/wp-json\/wp\/v2\/types\/post"}],"author":[{"embeddable":true,"href":"https:\/\/www.europesays.com\/es\/wp-json\/wp\/v2\/users\/2"}],"replies":[{"embeddable":true,"href":"https:\/\/www.europesays.com\/es\/wp-json\/wp\/v2\/comments?post=262366"}],"version-history":[{"count":0,"href":"https:\/\/www.europesays.com\/es\/wp-json\/wp\/v2\/posts\/262366\/revisions"}],"wp:featuredmedia":[{"embeddable":true,"href":"https:\/\/www.europesays.com\/es\/wp-json\/wp\/v2\/media\/262367"}],"wp:attachment":[{"href":"https:\/\/www.europesays.com\/es\/wp-json\/wp\/v2\/media?parent=262366"}],"wp:term":[{"taxonomy":"category","embeddable":true,"href":"https:\/\/www.europesays.com\/es\/wp-json\/wp\/v2\/categories?post=262366"},{"taxonomy":"post_tag","embeddable":true,"href":"https:\/\/www.europesays.com\/es\/wp-json\/wp\/v2\/tags?post=262366"}],"curies":[{"name":"wp","href":"https:\/\/api.w.org\/{rel}","templated":true}]}}