{"id":262376,"date":"2025-11-29T17:28:10","date_gmt":"2025-11-29T17:28:10","guid":{"rendered":"https:\/\/www.europesays.com\/es\/262376\/"},"modified":"2025-11-29T17:28:10","modified_gmt":"2025-11-29T17:28:10","slug":"honduras-vota-sin-un-favorito-claro-y-con-miedo-a-una-crisis-en-su-fragil-democracia-la-vanguardia","status":"publish","type":"post","link":"https:\/\/www.europesays.com\/es\/262376\/","title":{"rendered":"Honduras vota sin un favorito claro y con miedo a una crisis en su fr\u00e1gil democracia &#8211; La Vanguardia"},"content":{"rendered":"<ol>\n<li><a href=\"https:\/\/news.google.com\/rss\/articles\/CBMiwwFBVV95cUxQNG9DbW81cmNTWWtIaER0blpKRkRaX0lVSTYyYUMyeHlOZ1VhZnVjUzNJRXRMdlpKYWJINmo1WVJWSzgyREJKcmJJbGs1ZnRiLWg4R3JReEN2QTFNdlFHbFdFMmdhTVpCcGRDU3dOU0ZodmppSlJjRVUzaG1XeWFFZGpxU0p6bTNYbjVPbDQ3UldrdDN0TFMyQTRtMS1ob1dnQTVpM3p4Mk04M2N4a2JMZ0o4djZ5ZFRXRnFyVEo0TDVDZW8?oc=5\" target=\"_blank\" rel=\"nofollow noopener\">Honduras vota sin un favorito claro y con miedo a una crisis en su fr\u00e1gil democracia<\/a>&nbsp;&nbsp;La Vanguardia<\/li>\n<li><a href=\"https:\/\/news.google.com\/rss\/articles\/CBMihgFBVV95cUxOVXNiSTBFSV9iVGl6SUpDYTVLRTVBS2tiTTA5T1p2d2tGOHJMSklsZWE2cl9jN2xETXU4OGphYzZwcmlrQ2J5WEJVRWVjN3hxcWhMeDZBY0VzbGxTREJUakwwWExfbTgtM0xYZ3NKbkN0aVhsV3BFMlcxblZBaEhTbVAxcDRYUQ?oc=5\" target=\"_blank\" rel=\"nofollow noopener\">Honduras vota en estado de excepci\u00f3n<\/a>&nbsp;&nbsp;EL PA\u00cdS<\/li>\n<li><a href=\"https:\/\/news.google.com\/rss\/articles\/CBMizAFBVV95cUxOY01jdTc4QnZMdVdkejhYX3ZpXy0tSTlfanpPRHc4NHNVR20wQ29fdlowaFlpQmZfWUEyaC1VUm03Z0xheTFzeTEyT2M0c3JLUDNxQjJ5NGJyMERjR3Rld0wzZi0xUko3TlFQSVpmbFZuM2p0Qm90ZDJKc21LR2lBTlhtQkFJRkU0b2pjLXRGZGdaWjZ3WG5nYVloMkVfM0FpSEVQOXVCNHQ5X2x2SXhfS1lqbVBIVlFITmVtN2VLWFpJbzFUb3JDcnI0c0jSAcwBQVVfeXFMT1dpMUxhZDN3N0FfMWMzMV9oM2NHN1VBNmxmOEQtSDVEbk4xWFhGRDY2UWZhVWJaTnd0T3RfUzlGMGo0U2ZxMzJzYW9jV0U1M1FpNHVXbkdkSDVWQzFrakJSUjZldG9FdEFGWGc4LXZ6TVVFTUhfeGVSRktYaVE1YWtCWXpVR3c4YVh6NDJzQUhjU0xYNWZQN2w5aTZ4MXJsZ0FLREpmQlc4OVQtZVFxdlZaYldrVkdLMTJyVmFMY01HWTM0dlhSMWNORlM1?oc=5\" target=\"_blank\" rel=\"nofollow noopener\">Honduras celebra unas re\u00f1idas elecciones presidenciales en medio de tensiones y acusaciones de posible fraude<\/a>&nbsp;&nbsp;RTVE.es<\/li>\n<li><a href=\"https:\/\/news.google.com\/rss\/articles\/CBMitAFBVV95cUxQM3EtdFFscVZ3eUFhN0JIbjRXVFBJRkZUTy12VDQ4RS1DTndkM3IwYy03NmVQZDNvcnhOZHdKckV0V0toSkItaTFPRnVpR25iZDc1dmlJRko2R1UtRmw5Q29IZUctOXYxWF8xdDNJaklMS1UyZUdNU191aUNqdDUxb0s0TUlTOUFFRW5SZ1pfWmhZNW94S1p6RTJVa3phc0xlX0F2VzVlR3FNT0JrY0ItWWxtOUE?oc=5\" target=\"_blank\" rel=\"nofollow noopener\">Honduras votar\u00e1 entre la tensi\u00f3n por continuidad del oficialismo o el regreso de la oposici\u00f3n<\/a>&nbsp;&nbsp;ABC<\/li>\n<li><a href=\"https:\/\/news.google.com\/rss\/articles\/CBMipwFBVV95cUxNR3VnZWg2ZTNEQWZVTW50VTlMQWFJb1l3NHFQeFVhOEF6M3IyRU9tUEhWZkktT3BGc0pOeGdHVzdSWUFVcm1Fd3ZHVmZCLUNNMTZtZDBXRDZNQ3poNEdxcDFCTEhqbThDaGwtN3VRRmpYbVVZTXluUXhpLTFSTkgyNmFuMXlkYVpaWThkbnBPVERuOFJEc3B3ZmRFUDFoc1JIY3JoMk1WUQ?oc=5\" target=\"_blank\" rel=\"nofollow noopener\">Una Honduras crispada por las denuncias anticipadas de fraude elige presidente: 4 claves de lo que est\u00e1 en juego<\/a>&nbsp;&nbsp;CNN en Espa\u00f1ol<\/li>\n<\/ol>\n","protected":false},"excerpt":{"rendered":"Honduras vota sin un favorito claro y con miedo a una crisis en su fr\u00e1gil democracia&nbsp;&nbsp;La Vanguardia Honduras&hellip;\n","protected":false},"author":2,"featured_media":248356,"comment_status":"","ping_status":"","sticky":false,"template":"","format":"standard","meta":{"footnotes":""},"categories":[42],"tags":[17,18,13,14,11,61,62,63,64,19,20,9,10,15,16,12,21,22,65,66,67],"class_list":{"0":"post-262376","1":"post","2":"type-post","3":"status-publish","4":"format-standard","5":"has-post-thumbnail","7":"category-internacional","8":"tag-breaking-news","9":"tag-breakingnews","10":"tag-featured-news","11":"tag-featurednews","12":"tag-headlines","13":"tag-internacional","14":"tag-international","15":"tag-international-news","16":"tag-internationalnews","17":"tag-latest-news","18":"tag-latestnews","19":"tag-news","20":"tag-noticias","21":"tag-noticias-destacadas","22":"tag-noticiasdestacadas","23":"tag-titulares","24":"tag-ultimas-noticias","25":"tag-ultimasnoticias","26":"tag-world","27":"tag-world-news","28":"tag-worldnews"},"share_on_mastodon":{"url":"https:\/\/pubeurope.com\/@es\/115634169688989663","error":""},"_links":{"self":[{"href":"https:\/\/www.europesays.com\/es\/wp-json\/wp\/v2\/posts\/262376","targetHints":{"allow":["GET"]}}],"collection":[{"href":"https:\/\/www.europesays.com\/es\/wp-json\/wp\/v2\/posts"}],"about":[{"href":"https:\/\/www.europesays.com\/es\/wp-json\/wp\/v2\/types\/post"}],"author":[{"embeddable":true,"href":"https:\/\/www.europesays.com\/es\/wp-json\/wp\/v2\/users\/2"}],"replies":[{"embeddable":true,"href":"https:\/\/www.europesays.com\/es\/wp-json\/wp\/v2\/comments?post=262376"}],"version-history":[{"count":0,"href":"https:\/\/www.europesays.com\/es\/wp-json\/wp\/v2\/posts\/262376\/revisions"}],"wp:featuredmedia":[{"embeddable":true,"href":"https:\/\/www.europesays.com\/es\/wp-json\/wp\/v2\/media\/248356"}],"wp:attachment":[{"href":"https:\/\/www.europesays.com\/es\/wp-json\/wp\/v2\/media?parent=262376"}],"wp:term":[{"taxonomy":"category","embeddable":true,"href":"https:\/\/www.europesays.com\/es\/wp-json\/wp\/v2\/categories?post=262376"},{"taxonomy":"post_tag","embeddable":true,"href":"https:\/\/www.europesays.com\/es\/wp-json\/wp\/v2\/tags?post=262376"}],"curies":[{"name":"wp","href":"https:\/\/api.w.org\/{rel}","templated":true}]}}