{"id":262377,"date":"2025-11-29T17:29:08","date_gmt":"2025-11-29T17:29:08","guid":{"rendered":"https:\/\/www.europesays.com\/es\/262377\/"},"modified":"2025-11-29T17:29:08","modified_gmt":"2025-11-29T17:29:08","slug":"la-policia-investiga-la-muerte-de-dos-jovenes-en-un-parque-de-jaen","status":"publish","type":"post","link":"https:\/\/www.europesays.com\/es\/262377\/","title":{"rendered":"La Polic\u00eda investiga la muerte de dos j\u00f3venes en un parque de Ja\u00e9n"},"content":{"rendered":"<p>La Polic\u00eda Nacional ha confirmado este s\u00e1bado la muerte de dos chicas <strong>de 15 y 16 a\u00f1os<\/strong> la pasada madrugada halladas en un parque de Ja\u00e9n, seg\u00fan fuentes cercanas a la investigaci\u00f3n, que apuntan a muerte por suicidio.<\/p>\n<p>Las fuentes de la investigaci\u00f3n han se\u00f1alado que en una primera inspecci\u00f3n ocular <strong>no se aprecian signos de violencia externa<\/strong> y aunque la investigaci\u00f3n est\u00e1 abierta, las mismas fuentes <strong>descartan en este momento la participaci\u00f3n de terceras personas<\/strong>.<\/p>\n<p>El hallazgo de los dos cuerpos sin vida de las adolescentes tuvo lugar la pasada madrugada en el Parque de la Concordia, situado en pleno centro de la capital jiennense. La autoridad judicial ha decretado <strong>secreto de sumario<\/strong> de este caso que ha conmocionado a la capital jiennense.<\/p>\n<p>El alcalde de Ja\u00e9n, <strong>Julio Mill\u00e1n<\/strong>, ha lamentado el tr\u00e1gico suceso y ha expresado sus condolencias en nombre de la corporaci\u00f3n municipal a las familias de las dos adolescentes.<\/p>\n<p>Mill\u00e1n ha pedido que se deje trabajar a las fuerzas y cuerpos de seguridad en la investigaci\u00f3n de un suceso en el que todo apunta que no ha habido terceras personas implicadas y, \u201cespecialmente, para <strong>no aumentar el dolor de familiares, amigos y allegados<\/strong> en estos complicados momentos\u201d. <\/p>\n<p>Tres d\u00edas de luto<\/p>\n<p>El Ayuntamiento de Ja\u00e9n ha decretado tres d\u00edas de luto oficial y un minuto de silencio, que tendr\u00e1 lugar el pr\u00f3ximo lunes, por la tr\u00e1gica muerte de las dos adolescentes.<\/p>\n<p>Seg\u00fan ha informado el Consistorio en un comunicado, ser\u00e1n tres d\u00edas de luto que <strong>comenzar\u00e1n desde la noche de este s\u00e1bado y hasta el pr\u00f3ximo martes<\/strong>, 2 de diciembre, con las banderas del edificio principal a media asta.<\/p>\n<p>El minuto de silencio tendr\u00e1 lugar a las 12 de la ma\u00f1ana en la puerta del Consistorio y los jiennenses que lo deseen podr\u00e1n sumarse para testimoniar su pesar por el fallecimiento de ambas menores.<\/p>\n","protected":false},"excerpt":{"rendered":"La Polic\u00eda Nacional ha confirmado este s\u00e1bado la muerte de dos chicas de 15 y 16 a\u00f1os la&hellip;\n","protected":false},"author":2,"featured_media":262378,"comment_status":"","ping_status":"","sticky":false,"template":"","format":"standard","meta":{"footnotes":""},"categories":[8],"tags":[17,18,25,24,13,14,11,19,20,9,10,15,16,23,12,21,22],"class_list":{"0":"post-262377","1":"post","2":"type-post","3":"status-publish","4":"format-standard","5":"has-post-thumbnail","7":"category-espana","8":"tag-breaking-news","9":"tag-breakingnews","10":"tag-es","11":"tag-espana","12":"tag-featured-news","13":"tag-featurednews","14":"tag-headlines","15":"tag-latest-news","16":"tag-latestnews","17":"tag-news","18":"tag-noticias","19":"tag-noticias-destacadas","20":"tag-noticiasdestacadas","21":"tag-spain","22":"tag-titulares","23":"tag-ultimas-noticias","24":"tag-ultimasnoticias"},"share_on_mastodon":{"url":"https:\/\/pubeurope.com\/@es\/115634173713100062","error":""},"_links":{"self":[{"href":"https:\/\/www.europesays.com\/es\/wp-json\/wp\/v2\/posts\/262377","targetHints":{"allow":["GET"]}}],"collection":[{"href":"https:\/\/www.europesays.com\/es\/wp-json\/wp\/v2\/posts"}],"about":[{"href":"https:\/\/www.europesays.com\/es\/wp-json\/wp\/v2\/types\/post"}],"author":[{"embeddable":true,"href":"https:\/\/www.europesays.com\/es\/wp-json\/wp\/v2\/users\/2"}],"replies":[{"embeddable":true,"href":"https:\/\/www.europesays.com\/es\/wp-json\/wp\/v2\/comments?post=262377"}],"version-history":[{"count":0,"href":"https:\/\/www.europesays.com\/es\/wp-json\/wp\/v2\/posts\/262377\/revisions"}],"wp:featuredmedia":[{"embeddable":true,"href":"https:\/\/www.europesays.com\/es\/wp-json\/wp\/v2\/media\/262378"}],"wp:attachment":[{"href":"https:\/\/www.europesays.com\/es\/wp-json\/wp\/v2\/media?parent=262377"}],"wp:term":[{"taxonomy":"category","embeddable":true,"href":"https:\/\/www.europesays.com\/es\/wp-json\/wp\/v2\/categories?post=262377"},{"taxonomy":"post_tag","embeddable":true,"href":"https:\/\/www.europesays.com\/es\/wp-json\/wp\/v2\/tags?post=262377"}],"curies":[{"name":"wp","href":"https:\/\/api.w.org\/{rel}","templated":true}]}}