{"id":262381,"date":"2025-11-29T17:38:08","date_gmt":"2025-11-29T17:38:08","guid":{"rendered":"https:\/\/www.europesays.com\/es\/262381\/"},"modified":"2025-11-29T17:38:08","modified_gmt":"2025-11-29T17:38:08","slug":"aprecio-que-los-lakers-y-la-liga-nos-hayan-hecho-un-favor","status":"publish","type":"post","link":"https:\/\/www.europesays.com\/es\/262381\/","title":{"rendered":"Aprecio que los Lakers y la liga nos hayan hecho un favor"},"content":{"rendered":"<p data-gtm-element-container=\"modulo-texto-link\" class=\"paragraph\"><strong>Luka Doncic<\/strong>, l\u00edder de <strong>Los \u00c1ngeles Lakers<\/strong>, manifest\u00f3 su agradecimiento a su franquicia y a la NBA por reconocer que la pista especial de la Crypto.com Arena para la Copa necesitaba ser modificada por ser resbaladiza.<\/p>\n<p data-gtm-element-container=\"modulo-texto-link\" class=\"paragraph\"><strong>Doncic <\/strong>se hab\u00eda quejado recientemente por la calidad de la pista amarilla usada por los Lakers en el derbi angelino contra los Clippers y su equipo us\u00f3 un parqu\u00e9 tradicional este viernes en el duelo ganado por los de p\u00farpura y oro contra los <strong>Dallas Mavericks<\/strong>.<\/p>\n<p data-gtm-element-container=\"modulo-texto-link\" class=\"paragraph\">\u00abAprecio que los Lakers y la liga nos hayan hecho un favor. Habl\u00e9 de eso, as\u00ed que les agradezco por cambiar la pista, y permitirnos estar sanos\u00bb, afirm\u00f3 <strong>Doncic <\/strong>tras el partido contra los <strong>Mavericks<\/strong>, su exequipo.<\/p>\n<p data-gtm-element-container=\"modulo-texto-link\" class=\"paragraph\">El pasado martes, en la victoria cosechada contra los <strong>Clippers<\/strong>, los Lakers compitieron en una pista de color amarillo brillante que Doncic consider\u00f3 resbaladiza.<\/p>\n<p>    Lee tambi\u00e9n<\/p>\n<p data-gtm-element-container=\"modulo-texto-link\" class=\"paragraph\">Eso no le impidi\u00f3 dominar el derbi con 43 puntos, 32 de ellos anotados en una espectacular primera mitad.<\/p>\n<p data-gtm-element-container=\"modulo-texto-link\" class=\"paragraph\">Se espera que la pista de la <strong>NBA Cup de los Lakers<\/strong> se vuelva a utilizar en los cuartos de final, con una versi\u00f3n modificada que garantice la seguridad de los jugadores.<\/p>\n<p data-gtm-element-container=\"modulo-texto-link\" class=\"paragraph\">Los Lakers, que ganaron la <strong>Copa <\/strong>en su edici\u00f3n inaugural, en 2023, disputar\u00e1n los cuartos de final contra los <strong>San Antonio Spurs<\/strong> el pr\u00f3ximo 10 de diciembre.<\/p>\n","protected":false},"excerpt":{"rendered":"Luka Doncic, l\u00edder de Los \u00c1ngeles Lakers, manifest\u00f3 su agradecimiento a su franquicia y a la NBA por&hellip;\n","protected":false},"author":2,"featured_media":262382,"comment_status":"","ping_status":"","sticky":false,"template":"","format":"standard","meta":{"footnotes":""},"categories":[269],"tags":[299,298,168,25,24,23,167],"class_list":{"0":"post-262381","1":"post","2":"type-post","3":"status-publish","4":"format-standard","5":"has-post-thumbnail","7":"category-baloncesto","8":"tag-baloncesto","9":"tag-basketball","10":"tag-deportes","11":"tag-es","12":"tag-espana","13":"tag-spain","14":"tag-sports"},"share_on_mastodon":{"url":"https:\/\/pubeurope.com\/@es\/115634209097467649","error":""},"_links":{"self":[{"href":"https:\/\/www.europesays.com\/es\/wp-json\/wp\/v2\/posts\/262381","targetHints":{"allow":["GET"]}}],"collection":[{"href":"https:\/\/www.europesays.com\/es\/wp-json\/wp\/v2\/posts"}],"about":[{"href":"https:\/\/www.europesays.com\/es\/wp-json\/wp\/v2\/types\/post"}],"author":[{"embeddable":true,"href":"https:\/\/www.europesays.com\/es\/wp-json\/wp\/v2\/users\/2"}],"replies":[{"embeddable":true,"href":"https:\/\/www.europesays.com\/es\/wp-json\/wp\/v2\/comments?post=262381"}],"version-history":[{"count":0,"href":"https:\/\/www.europesays.com\/es\/wp-json\/wp\/v2\/posts\/262381\/revisions"}],"wp:featuredmedia":[{"embeddable":true,"href":"https:\/\/www.europesays.com\/es\/wp-json\/wp\/v2\/media\/262382"}],"wp:attachment":[{"href":"https:\/\/www.europesays.com\/es\/wp-json\/wp\/v2\/media?parent=262381"}],"wp:term":[{"taxonomy":"category","embeddable":true,"href":"https:\/\/www.europesays.com\/es\/wp-json\/wp\/v2\/categories?post=262381"},{"taxonomy":"post_tag","embeddable":true,"href":"https:\/\/www.europesays.com\/es\/wp-json\/wp\/v2\/tags?post=262381"}],"curies":[{"name":"wp","href":"https:\/\/api.w.org\/{rel}","templated":true}]}}