{"id":262383,"date":"2025-11-29T17:39:14","date_gmt":"2025-11-29T17:39:14","guid":{"rendered":"https:\/\/www.europesays.com\/es\/262383\/"},"modified":"2025-11-29T17:39:14","modified_gmt":"2025-11-29T17:39:14","slug":"parte-medico-real-sociedad-de-futbol-s-a-d-3","status":"publish","type":"post","link":"https:\/\/www.europesays.com\/es\/262383\/","title":{"rendered":"Parte m\u00e9dico &#8211; Real Sociedad de F\u00fatbol S.A.D."},"content":{"rendered":"<p>Despu\u00e9s de la lesi\u00f3n meniscal sufrida por I\u00f1aki Rup\u00e9rez el 9 de agosto en el amistoso contra el AFC Bournemouth se opt\u00f3 por un tratamiento conservador, con el objetivo de preservar la integridad del menisco externo de su rodilla izquierda. Al no tener el resultado esperado, se someter\u00e1 el lunes en Barcelona a una cirug\u00eda por parte del Dr. Eduard Alentorn acompa\u00f1ado por los servicios m\u00e9dicos de la RS.<\/p>\n<p>Servicio M\u00e9dico Real Sociedad de F\u00fatbol, SAD<\/p>\n<p>\u00a0<\/p>\n<p>\u00a0<\/p>\n<p>*La publicaci\u00f3n de esta informaci\u00f3n m\u00e9dica cuenta con el consentimiento del jugador.<\/p>\n","protected":false},"excerpt":{"rendered":"Despu\u00e9s de la lesi\u00f3n meniscal sufrida por I\u00f1aki Rup\u00e9rez el 9 de agosto en el amistoso contra el&hellip;\n","protected":false},"author":2,"featured_media":262384,"comment_status":"","ping_status":"","sticky":false,"template":"","format":"standard","meta":{"footnotes":""},"categories":[268],"tags":[168,25,24,280,282,1044,798,281,492,23,167],"class_list":{"0":"post-262383","1":"post","2":"type-post","3":"status-publish","4":"format-standard","5":"has-post-thumbnail","7":"category-futbol","8":"tag-deportes","9":"tag-es","10":"tag-espana","11":"tag-football","12":"tag-futbol","13":"tag-liga","14":"tag-real","15":"tag-soccer","16":"tag-sociedad","17":"tag-spain","18":"tag-sports"},"share_on_mastodon":{"url":"https:\/\/pubeurope.com\/@es\/115634213122360874","error":""},"_links":{"self":[{"href":"https:\/\/www.europesays.com\/es\/wp-json\/wp\/v2\/posts\/262383","targetHints":{"allow":["GET"]}}],"collection":[{"href":"https:\/\/www.europesays.com\/es\/wp-json\/wp\/v2\/posts"}],"about":[{"href":"https:\/\/www.europesays.com\/es\/wp-json\/wp\/v2\/types\/post"}],"author":[{"embeddable":true,"href":"https:\/\/www.europesays.com\/es\/wp-json\/wp\/v2\/users\/2"}],"replies":[{"embeddable":true,"href":"https:\/\/www.europesays.com\/es\/wp-json\/wp\/v2\/comments?post=262383"}],"version-history":[{"count":0,"href":"https:\/\/www.europesays.com\/es\/wp-json\/wp\/v2\/posts\/262383\/revisions"}],"wp:featuredmedia":[{"embeddable":true,"href":"https:\/\/www.europesays.com\/es\/wp-json\/wp\/v2\/media\/262384"}],"wp:attachment":[{"href":"https:\/\/www.europesays.com\/es\/wp-json\/wp\/v2\/media?parent=262383"}],"wp:term":[{"taxonomy":"category","embeddable":true,"href":"https:\/\/www.europesays.com\/es\/wp-json\/wp\/v2\/categories?post=262383"},{"taxonomy":"post_tag","embeddable":true,"href":"https:\/\/www.europesays.com\/es\/wp-json\/wp\/v2\/tags?post=262383"}],"curies":[{"name":"wp","href":"https:\/\/api.w.org\/{rel}","templated":true}]}}