{"id":262391,"date":"2025-11-29T17:45:21","date_gmt":"2025-11-29T17:45:21","guid":{"rendered":"https:\/\/www.europesays.com\/es\/262391\/"},"modified":"2025-11-29T17:45:21","modified_gmt":"2025-11-29T17:45:21","slug":"robert-de-niro-leiva-y-un-tierno-drama-frances","status":"publish","type":"post","link":"https:\/\/www.europesays.com\/es\/262391\/","title":{"rendered":"Robert De Niro, Leiva y un tierno drama franc\u00e9s"},"content":{"rendered":"<p>Como cada final de mes, las principales <strong><a href=\"https:\/\/okdiario.com\/trailer\/plataformas-streaming-escoge-mejor-servicio-segun-tus-preferencias-cinematograficas-7054547\" rel=\"nofollow noopener\" target=\"_blank\">plataformas de streaming<\/a> <\/strong>publican su cat\u00e1logo con las novedades m\u00e1s primorosas del mercado audiovisual. Unas semanas clave en la que poco a poco, iremos viendo c\u00f3mo algunas de <strong>estas distribuidoras online<\/strong> plasman en la peque\u00f1a pantalla algunas historias que muy posiblemente, terminen en la conversaci\u00f3n central del circuito final de premios. No obstante y para no abrumar a los lectores con <a href=\"https:\/\/okdiario.com\/trailer\/3-comedias-monty-python-que-puedes-ver-completamente-gratis-streaming-15839536\" rel=\"nofollow noopener\" target=\"_blank\">la cantidad ingente de cintas y series<\/a> que aterrizar\u00e1n en el abanico de contenidos en los pr\u00f3ximos d\u00edas, hemos seleccionado<strong> los 5 estrenos m\u00e1s relevantes que Movistar Plus<\/strong> lanzar\u00e1 durante este incipiente mes de diciembre:<\/p>\n<p>5 estrenos de Movistar Plus en diciembre que no te puedes perder1-\u2018Sigue volando\u2019<\/p>\n<p><img loading=\"lazy\" decoding=\"async\" class=\"wp-image-15850083 size-medium\" alt=\"estrenos Movistar Plus diciembre\" width=\"620\" height=\"349\"  src=\"https:\/\/www.europesays.com\/es\/wp-content\/uploads\/2025\/11\/descarga-1_cropped-620x349.jpg\" \/> \u2018Sigue volando\u2019 (Bitters End).<\/p>\n<p>Fue la mejor pel\u00edcula en <a href=\"https:\/\/lamostradevalencia.com\/\" rel=\"nofollow noopener\" target=\"_blank\">el Festival Internacional de Cine de Valencia<\/a>. Sigue volando es un <strong>drama japon\u00e9s<\/strong> en el que Watako, despu\u00e9s de la repentina muerte de su amante, vuelve a su vida de casada sin revelar su infidelidad. Pero cuando descubre que no puede dominar sus emociones, decide entonces enfrentarse a su realidad.<\/p>\n<ul>\n<li>Fecha de estreno: <strong>1 de diciembre<\/strong><\/li>\n<\/ul>\n<p>2-\u2018Indomables\u2019<\/p>\n<p><img loading=\"lazy\" decoding=\"async\" class=\"wp-image-14285681 size-medium\" alt=\"estrenos Movistar Plus diciembre\" width=\"620\" height=\"349\"  src=\"https:\/\/www.europesays.com\/es\/wp-content\/uploads\/2025\/11\/vfebethte-620x349.jpg\" \/> \u2018Indomables\u2019 (Cor Cordium Productions).<\/p>\n<p>Adaptando la novela de Shannon Pufahl, Daniel Minahan retrata este drama rom\u00e1ntico a trav\u00e9s de todo un reconocido grupo de<strong> jovenes estrellas de la interpretaci\u00f3n<\/strong>. Daisy Edgar-Jones, Jacob Elordi, Will Poulter, Diego Calva y Sasha Calle conforman un melodrama sobre la familia, el juego y amores imposibles.<\/p>\n<ul>\n<li>Fecha de estreno: <strong>12 de diciembre<\/strong><\/li>\n<\/ul>\n<p>3-\u2018The Alto Knights\u2019<\/p>\n<p><img loading=\"lazy\" decoding=\"async\" class=\"wp-image-14119267 size-medium\" alt=\"estrenos Movistar Plus diciembre\" width=\"620\" height=\"349\"  src=\"https:\/\/www.europesays.com\/es\/wp-content\/uploads\/2025\/11\/cdvwr-620x349.jpg\" \/> \u2018The Alto Knights\u2019 (Warner Bros).<\/p>\n<p>De todos los estrenos de Movistar Plus en diciembre, posiblemente el trabajo de <strong>Barry Levinson<\/strong> sea el medi\u00e1ticamente m\u00e1s llamativo. Un Robert De Niro que, por partida doble, encarna a Frank Costello (De Niro) y a Vito Genovese. Amigos en el pasado, enemigos en<strong> los a\u00f1os 50<\/strong>. Los dos mafiosos pelean por el control de las calles de la ciudad de Nueva York, cambiando para siempre lo que hasta entonces era el concepto de mafia criminal.<\/p>\n<ul>\n<li>Fecha de estreno: <strong>15 de diciembre<\/strong><\/li>\n<\/ul>\n<p>4-\u2018Hasta que me quede sin voz\u2019<\/p>\n<p><img loading=\"lazy\" decoding=\"async\" class=\"wp-image-15850091 size-medium\" alt=\"\" width=\"620\" height=\"349\"  src=\"https:\/\/www.europesays.com\/es\/wp-content\/uploads\/2025\/11\/hastaquemequedesinvoz_cropped-620x349.jpg\" \/> \u2018Hasta que me quede sin voz\u2019 (Movistar Plus).<\/p>\n<p>Los amantes de Leiva est\u00e1n de enhorabuena, porque Hasta que me quede sin voz es uno de los estrenos que Movistar Plus nos brindar\u00e1 en exclusiva este diciembre. El cantante madrile\u00f1o narra en primera persona el momento vital que atraviesa durante <strong>la c\u00faspide de su carrera<\/strong>. Tiene un problema cr\u00f3nico en una cuerda vocal y en alg\u00fan momento, no podr\u00e1 cantar m\u00e1s.<\/p>\n<ul>\n<li>Fecha de estreno: <strong>23 de diciembre<\/strong><\/li>\n<\/ul>\n<p>5-\u2018\u00c9rase una vez mi madre\u2019<\/p>\n<p><img loading=\"lazy\" decoding=\"async\" class=\"size-medium wp-image-15850086\" alt=\"\" width=\"620\" height=\"349\"  src=\"https:\/\/www.europesays.com\/es\/wp-content\/uploads\/2025\/11\/1764438321_383_descarga_cropped-620x349.jpg\" \/> \u2018\u00c9rase una vez mi madre\u2019 (Gaumont).<\/p>\n<p>Es una de las grandes sorpresas del cine franc\u00e9s de este 2025. Basada en la novela de <strong>Roland Perez<\/strong>, \u00c9rase una vez mi madre narra la terquedad de una mujer que se niega a escuchar a los m\u00e9dicos que le aseguran que su hijo, no podr\u00e1 caminar nunca. El peque\u00f1o tiene una <strong>malformaci\u00f3n en el pie<\/strong>, pero ella est\u00e1 dispuesta a desafiar a cualquiera para conseguir que su hijo sea feliz.<\/p>\n<ul>\n<li>Fecha de estreno: <strong>24 de diciembre<\/strong><\/li>\n<\/ul>\n","protected":false},"excerpt":{"rendered":"Como cada final de mes, las principales plataformas de streaming publican su cat\u00e1logo con las novedades m\u00e1s primorosas&hellip;\n","protected":false},"author":2,"featured_media":262392,"comment_status":"","ping_status":"","sticky":false,"template":"","format":"standard","meta":{"footnotes":""},"categories":[169],"tags":[177,146,147,25,24,176,175,23],"class_list":{"0":"post-262391","1":"post","2":"type-post","3":"status-publish","4":"format-standard","5":"has-post-thumbnail","7":"category-cine","8":"tag-cine","9":"tag-entertainment","10":"tag-entretenimiento","11":"tag-es","12":"tag-espana","13":"tag-film","14":"tag-movies","15":"tag-spain"},"share_on_mastodon":{"url":"https:\/\/pubeurope.com\/@es\/115634236863061300","error":""},"_links":{"self":[{"href":"https:\/\/www.europesays.com\/es\/wp-json\/wp\/v2\/posts\/262391","targetHints":{"allow":["GET"]}}],"collection":[{"href":"https:\/\/www.europesays.com\/es\/wp-json\/wp\/v2\/posts"}],"about":[{"href":"https:\/\/www.europesays.com\/es\/wp-json\/wp\/v2\/types\/post"}],"author":[{"embeddable":true,"href":"https:\/\/www.europesays.com\/es\/wp-json\/wp\/v2\/users\/2"}],"replies":[{"embeddable":true,"href":"https:\/\/www.europesays.com\/es\/wp-json\/wp\/v2\/comments?post=262391"}],"version-history":[{"count":0,"href":"https:\/\/www.europesays.com\/es\/wp-json\/wp\/v2\/posts\/262391\/revisions"}],"wp:featuredmedia":[{"embeddable":true,"href":"https:\/\/www.europesays.com\/es\/wp-json\/wp\/v2\/media\/262392"}],"wp:attachment":[{"href":"https:\/\/www.europesays.com\/es\/wp-json\/wp\/v2\/media?parent=262391"}],"wp:term":[{"taxonomy":"category","embeddable":true,"href":"https:\/\/www.europesays.com\/es\/wp-json\/wp\/v2\/categories?post=262391"},{"taxonomy":"post_tag","embeddable":true,"href":"https:\/\/www.europesays.com\/es\/wp-json\/wp\/v2\/tags?post=262391"}],"curies":[{"name":"wp","href":"https:\/\/api.w.org\/{rel}","templated":true}]}}