{"id":262397,"date":"2025-11-29T17:49:09","date_gmt":"2025-11-29T17:49:09","guid":{"rendered":"https:\/\/www.europesays.com\/es\/262397\/"},"modified":"2025-11-29T17:49:09","modified_gmt":"2025-11-29T17:49:09","slug":"mejores-ofertas-y-chollos-de-hoy","status":"publish","type":"post","link":"https:\/\/www.europesays.com\/es\/262397\/","title":{"rendered":"mejores ofertas y chollos de hoy"},"content":{"rendered":"<p data-gtm-element-container=\"modulo-texto-link\" class=\"paragraph\">Seguimos el <strong>Black Friday 2025 en directo este s\u00e1bado 29 de noviembre<\/strong>, recopilando al minuto las mejores ofertas y chollos reales en Amazon, PcComponentes, MediaMarkt, El Corte Ingl\u00e9s, AliExpress y otras tiendas, con descuentos muy agresivos en tecnolog\u00eda, hogar, moda, belleza, deporte, ocio y motor. Nuestro objetivo es filtrar solo las rebajas que de verdad merecen la pena, productos bien valorados, con bajadas de precio s\u00f3lidas y \u00fatiles como regalo de Navidad, en un fin de semana que enlaza con el <strong>Cyber Monday del 1 de diciembre<\/strong>, donde muchas de estas oportunidades podr\u00edan no repetirse.<\/p>\n<p>    Lo mejor del Black Friday<\/p>\n<p>Minuto a minuto de las mejores ofertas del Black Friday<\/p>\n<p>\n    LiveBlog: 3025\n<\/p>\n<p>\u00a0Preguntas frecuentes sobre el Black Friday 2025<\/p>\n<p data-gtm-element-container=\"modulo-texto-link\" class=\"paragraph\"><strong>\u00bfCu\u00e1ndo fue el Black Friday 2025 en Espa\u00f1a?<\/strong><\/p>\n<p data-gtm-element-container=\"modulo-texto-link\" class=\"paragraph\">El <strong>Black Friday 2025<\/strong> se celebr\u00f3 el <strong>viernes 28 de noviembre<\/strong>, aunque la mayor\u00eda de grandes tiendas han extendido sus campa\u00f1as promocionales a toda la semana anterior y al fin de semana posterior, hasta enlazar con el <strong>Cyber Monday del lunes 1 de diciembre<\/strong>.<\/p>\n<p data-gtm-element-container=\"modulo-texto-link\" class=\"paragraph\"><strong>\u00bfMerece la pena seguir comprando hoy s\u00e1bado 29?<\/strong><\/p>\n<p data-gtm-element-container=\"modulo-texto-link\" class=\"paragraph\">S\u00ed. Muchas de las <strong>mejores ofertas del Black Friday 2025<\/strong> siguen activas hoy s\u00e1bado 29 e incluso se mantendr\u00e1n ma\u00f1ana domingo. Sin embargo, hay tres factores a tener en cuenta:<\/p>\n<ul>\n<li>Algunas promociones flash ya han terminado o se han quedado sin stock.<\/li>\n<li>Los descuentos m\u00e1s agresivos suelen concentrarse en estos d\u00edas centrales.<\/li>\n<li>Algunos productos muy demandados podr\u00edan no llegar al Cyber Monday.<\/li>\n<\/ul>\n<p data-gtm-element-container=\"modulo-texto-link\" class=\"paragraph\">Por eso, si encontramos hoy un precio competitivo en un producto que llevamos tiempo siguiendo, es un <strong>buen momento para cerrar la compra<\/strong>.<\/p>\n<p data-gtm-element-container=\"modulo-texto-link\" class=\"paragraph\"><strong>\u00bfQu\u00e9 tiendas concentran los mejores chollos del Black Friday 2025?<\/strong><\/p>\n<p data-gtm-element-container=\"modulo-texto-link\" class=\"paragraph\">En Espa\u00f1a, los usuarios se reparten sobre todo entre:<\/p>\n<ul>\n<li>Amazon<\/li>\n<li>PcComponentes<\/li>\n<li>MediaMarkt<\/li>\n<li>El Corte Ingl\u00e9s<\/li>\n<li>AliExpress<\/li>\n<li>Cadenas de moda y deporte como <strong>Zara, Mango, Decathlon<\/strong>, as\u00ed como perfumer\u00edas y tiendas especializadas.<\/li>\n<\/ul>\n<p data-gtm-element-container=\"modulo-texto-link\" class=\"paragraph\">En este directo iremos destacando las <strong>ofertas m\u00e1s interesantes<\/strong> que encontremos en estas y otras plataformas, evitando promociones poco claras o con condiciones confusas.<\/p>\n<p data-gtm-element-container=\"modulo-texto-link\" class=\"paragraph\"><strong>\u00bfEs mejor esperar al Cyber Monday para comprar tecnolog\u00eda?<\/strong><\/p>\n<p data-gtm-element-container=\"modulo-texto-link\" class=\"paragraph\">Depende del producto. Algunas tiendas reservan promociones espec\u00edficas de inform\u00e1tica y electr\u00f3nica para el <strong>Cyber Monday<\/strong>, pero muchas de las mejores ofertas en <strong>televisores, port\u00e1tiles, m\u00f3viles, auriculares o consolas<\/strong> ya est\u00e1n activas durante el Black Friday y el fin de semana.<\/p>\n<p data-gtm-element-container=\"modulo-texto-link\" class=\"paragraph\">Si el producto que queremos ya est\u00e1 <strong>fuertemente rebajado hoy s\u00e1bado 29<\/strong>, es poco probable que baje mucho m\u00e1s en el Cyber Monday y s\u00ed es posible que las unidades se agoten.<\/p>\n<p>        El Comprador<\/p>\n<p>             <img loading=\"lazy\" decoding=\"async\" data-full-src=\"https:\/\/www.lavanguardia.com\/uploads\/2025\/11\/13\/6915e22b39b44.jpeg\" alt=\"La gu\u00eda navide\u00f1a definitiva de El Comprador\" width=\"334\" height=\"164\" src=\"https:\/\/www.europesays.com\/es\/wp-content\/uploads\/2025\/11\/6915e22b39b44.jpeg\" class=\"lazy\"\/><\/p>\n<p>        Lee tambi\u00e9n<\/p>\n<p>    Carlos Dom\u00ednguez<\/p>\n<p>             <img loading=\"lazy\" decoding=\"async\" data-full-src=\"https:\/\/www.lavanguardia.com\/uploads\/2025\/11\/05\/690b691aa76fd.jpeg\" alt=\"Disfruta de las mejores canciones y discos estas Navidades con Amazon Music Unlimited\" width=\"334\" height=\"164\" src=\"https:\/\/www.europesays.com\/es\/wp-content\/uploads\/2025\/11\/690b691aa76fd.jpeg\" class=\"lazy\"\/><\/p>\n<p>        Lee tambi\u00e9n<\/p>\n<p>    Oriol Ribalta<\/p>\n<p>             <img loading=\"lazy\" decoding=\"async\" data-full-src=\"https:\/\/www.lavanguardia.com\/uploads\/2025\/11\/07\/690e17471aafd.jpeg\" alt=\"NordVPN de Black Friday\" width=\"334\" height=\"164\" src=\"https:\/\/www.europesays.com\/es\/wp-content\/uploads\/2025\/11\/690e17471aafd.jpeg\" class=\"lazy\"\/><\/p>\n","protected":false},"excerpt":{"rendered":"Seguimos el Black Friday 2025 en directo este s\u00e1bado 29 de noviembre, recopilando al minuto las mejores ofertas&hellip;\n","protected":false},"author":2,"featured_media":262398,"comment_status":"","ping_status":"","sticky":false,"template":"","format":"standard","meta":{"footnotes":""},"categories":[81],"tags":[119,123,124,25,24,117,121,122,23,118,120],"class_list":{"0":"post-262397","1":"post","2":"type-post","3":"status-publish","4":"format-standard","5":"has-post-thumbnail","7":"category-ciencia-y-tecnologia","8":"tag-ciencia","9":"tag-ciencia-y-tecnologia","10":"tag-cienciaytecnologia","11":"tag-es","12":"tag-espana","13":"tag-science","14":"tag-science-and-technology","15":"tag-scienceandtechnology","16":"tag-spain","17":"tag-technology","18":"tag-tecnologia"},"share_on_mastodon":{"url":"https:\/\/pubeurope.com\/@es\/115634252465817028","error":""},"_links":{"self":[{"href":"https:\/\/www.europesays.com\/es\/wp-json\/wp\/v2\/posts\/262397","targetHints":{"allow":["GET"]}}],"collection":[{"href":"https:\/\/www.europesays.com\/es\/wp-json\/wp\/v2\/posts"}],"about":[{"href":"https:\/\/www.europesays.com\/es\/wp-json\/wp\/v2\/types\/post"}],"author":[{"embeddable":true,"href":"https:\/\/www.europesays.com\/es\/wp-json\/wp\/v2\/users\/2"}],"replies":[{"embeddable":true,"href":"https:\/\/www.europesays.com\/es\/wp-json\/wp\/v2\/comments?post=262397"}],"version-history":[{"count":0,"href":"https:\/\/www.europesays.com\/es\/wp-json\/wp\/v2\/posts\/262397\/revisions"}],"wp:featuredmedia":[{"embeddable":true,"href":"https:\/\/www.europesays.com\/es\/wp-json\/wp\/v2\/media\/262398"}],"wp:attachment":[{"href":"https:\/\/www.europesays.com\/es\/wp-json\/wp\/v2\/media?parent=262397"}],"wp:term":[{"taxonomy":"category","embeddable":true,"href":"https:\/\/www.europesays.com\/es\/wp-json\/wp\/v2\/categories?post=262397"},{"taxonomy":"post_tag","embeddable":true,"href":"https:\/\/www.europesays.com\/es\/wp-json\/wp\/v2\/tags?post=262397"}],"curies":[{"name":"wp","href":"https:\/\/api.w.org\/{rel}","templated":true}]}}