{"id":262401,"date":"2025-11-29T17:52:12","date_gmt":"2025-11-29T17:52:12","guid":{"rendered":"https:\/\/www.europesays.com\/es\/262401\/"},"modified":"2025-11-29T17:52:12","modified_gmt":"2025-11-29T17:52:12","slug":"muere-jose-luis-olivas-expresidente-de-la-generalitat-valenciana-y-de-bancaja-noticias-de-la-comunidad-valenciana","status":"publish","type":"post","link":"https:\/\/www.europesays.com\/es\/262401\/","title":{"rendered":"Muere Jos\u00e9 Luis Olivas, expresidente de la Generalitat Valenciana y de Bancaja | Noticias de la Comunidad Valenciana"},"content":{"rendered":"<p class=\"\"><a href=\"https:\/\/elpais.com\/noticias\/jose-luis-olivas\/\" target=\"_self\" rel=\"nofollow noopener\" title=\"https:\/\/elpais.com\/noticias\/jose-luis-olivas\/\">Jos\u00e9 Luis Olivas,<\/a> expresidente de la Generalitat, ha fallecido este s\u00e1bado a los 73 a\u00f1os. El pol\u00edtico del Partido Popular (PP), que con anterioridad hab\u00eda militado en la extinta UCD (Uni\u00f3n de Centro Democr\u00e1tico), dirigi\u00f3 el gobierno valenciano entre junio de 2002 y julio de 2003, en la breve etapa de transici\u00f3n entre la marcha de Eduardo Zaplana al ministerio de Trabajo en el ejecutivo central presidido por Jos\u00e9 Mar\u00eda Aznar, y la llegada de Francisco Camps al Palau de la Generalitat. <\/p>\n<p class=\"\">Fue el tercer presidente de la autonom\u00eda valenciana, despu\u00e9s de Joan Lerma y Eduardo Zaplana, y ejerci\u00f3 tambi\u00e9n de vicepresidente, consejero de Econom\u00eda y Hacienda, diputado auton\u00f3mico y concejal en el Ayutamiento de Valencia. Ha muerto tras una enfermedad, seg\u00fan han confirmado fuente del PP a este peri\u00f3dico. <\/p>\n<p class=\"\">La Generalitat ha expresado sus condolencias y ha declarado luto oficial en la Comunitat Valenciana este domingo, 30 de noviembre. La Generalitat, \u201cen nombre del pueblo valenciano, manifiesta su profundo pesar por esta irreparable p\u00e9rdida y traslada su sentido p\u00e9same a la familia y allegados del expresident\u201d, indica un comunicado del Consell. Las banderas ondear\u00e1n a media asta en los edificios p\u00fablicos dependientes de la Generalitat, en se\u00f1al de respeto y p\u00e9same y el Consell invita al conjunto de las instituciones valencianas a secundar esta medida. <\/p>\n<p class=\"\">Nacido en la poblaci\u00f3n conquense de Motilla del Palancar, llevaba apartado de la pol\u00edtica desde hace dos d\u00e9cadas. Tras su salida del Gobierno valenciano, Olivas fue nombrado presidente de Bancaja y posteriormente, vicepresidente de Bankia. Adem\u00e1s, presidi\u00f3 el Banco de Valencia hasta 2011. Su paso por el mundo de las finanzas y los negocios fue muy convulso y coincidi\u00f3 con la etapa de fusiones, rescates millonarios y desapariciones de cajas de ahorros y bancos, como el de Valencia. <\/p>\n<p class=\"\">En 2017, e<a href=\"http:\/\/politica.elpais.com\/politica\/2017\/01\/13\/actualidad\/1484305727_519447.html\" rel=\"nofollow noopener\" target=\"_blank\">l expresidente de la Generalitat <\/a>renunci\u00f3 \u201cexpresa y voluntariamente\u201d a todos sus honores que le \u201cpudieran corresponder en virtud de lo dispuesto en la Ley 6\/2002 que regula <a href=\"http:\/\/elpais.com\/diario\/2009\/01\/21\/cvalenciana\/1232569079_850215.html\" rel=\"nofollow noopener\" target=\"_blank\">el Estatuto de Expresidentes<\/a>\u201c en un escrito dirigido al entonces presidente valenciano, el socialista Ximo Puig. Se renuncia se produjo despu\u00e9s de que la Audiencia de Valencia confirmara su condena de pena de a\u00f1o y medio de prisi\u00f3n por falsificar una factura de 500.000 euros m\u00e1s IVA (80.000 euros) por unos servicios de asesoramiento al empresario Vicente Cotino, sobrino del que fuera presidente de Les Corts Juan Cotino, que nunca realiz\u00f3. Esta acci\u00f3n caus\u00f3 un perjuicio a Hacienda de 150.000 euros. El pasado mes de enero, la Audiencia Nacional absolvi\u00f3 a la antigua c\u00fapula del Banco de Valencia, entre ellos a Jos\u00e9 Luis Olivas, de falsear las cuentas. <\/p>\n<p class=\"\">Hasta coger las riendas de la Generalitat, Olivas hab\u00eda ejercido de vicepresidente primero con Zaplana entre 1999 y 2002. Anteriormente, fue consejero de Econom\u00eda y Hacienda. Su trayectoria pol\u00edtica transcurri\u00f3 en la Comunidad Valenciana, ocupando importante cargos desde los a\u00f1os ochenta hasta principios del siglo XXI.<\/p>\n<p class=\"\">Licenciado en Derecho, particip\u00f3 en la fundaci\u00f3n de UCD en Valencia y en diciembre de 1981 fue nombrado director general de Presupuestos de la Consejer\u00eda de Econom\u00eda y Hacienda de la Generalitat. Luego, se incopor\u00f3 al PP y ejerci\u00f3 de concejal en el Ayuntamiento de Valencia entre 1987 y 1991. En 1995 volvi\u00f3 a la pol\u00edtica auton\u00f3mica al ser elegido diputado de Les Corts Valencianes, y designado un mes despu\u00e9s, tras la investidura de Zaplana como presidente de la Generalitat, consejero de Econom\u00eda y Hacienda. Adem\u00e1s, desempe\u00f1\u00f3 el cargo de secretario general del PPCV.<\/p>\n","protected":false},"excerpt":{"rendered":"Jos\u00e9 Luis Olivas, expresidente de la Generalitat, ha fallecido este s\u00e1bado a los 73 a\u00f1os. El pol\u00edtico del&hellip;\n","protected":false},"author":2,"featured_media":262402,"comment_status":"","ping_status":"","sticky":false,"template":"","format":"standard","meta":{"footnotes":""},"categories":[8],"tags":[17,18,242,10316,25,24,13,14,10315,238,11,65399,19,20,9,10,15,16,724,23,12,21,22],"class_list":{"0":"post-262401","1":"post","2":"type-post","3":"status-publish","4":"format-standard","5":"has-post-thumbnail","7":"category-espana","8":"tag-breaking-news","9":"tag-breakingnews","10":"tag-comunidad-valenciana","11":"tag-eduardo-zaplana","12":"tag-es","13":"tag-espana","14":"tag-featured-news","15":"tag-featurednews","16":"tag-francisco-camps","17":"tag-generalitat-valenciana","18":"tag-headlines","19":"tag-jose-luis-olivas","20":"tag-latest-news","21":"tag-latestnews","22":"tag-news","23":"tag-noticias","24":"tag-noticias-destacadas","25":"tag-noticiasdestacadas","26":"tag-obituarios","27":"tag-spain","28":"tag-titulares","29":"tag-ultimas-noticias","30":"tag-ultimasnoticias"},"share_on_mastodon":{"url":"https:\/\/pubeurope.com\/@es\/115634264148048438","error":""},"_links":{"self":[{"href":"https:\/\/www.europesays.com\/es\/wp-json\/wp\/v2\/posts\/262401","targetHints":{"allow":["GET"]}}],"collection":[{"href":"https:\/\/www.europesays.com\/es\/wp-json\/wp\/v2\/posts"}],"about":[{"href":"https:\/\/www.europesays.com\/es\/wp-json\/wp\/v2\/types\/post"}],"author":[{"embeddable":true,"href":"https:\/\/www.europesays.com\/es\/wp-json\/wp\/v2\/users\/2"}],"replies":[{"embeddable":true,"href":"https:\/\/www.europesays.com\/es\/wp-json\/wp\/v2\/comments?post=262401"}],"version-history":[{"count":0,"href":"https:\/\/www.europesays.com\/es\/wp-json\/wp\/v2\/posts\/262401\/revisions"}],"wp:featuredmedia":[{"embeddable":true,"href":"https:\/\/www.europesays.com\/es\/wp-json\/wp\/v2\/media\/262402"}],"wp:attachment":[{"href":"https:\/\/www.europesays.com\/es\/wp-json\/wp\/v2\/media?parent=262401"}],"wp:term":[{"taxonomy":"category","embeddable":true,"href":"https:\/\/www.europesays.com\/es\/wp-json\/wp\/v2\/categories?post=262401"},{"taxonomy":"post_tag","embeddable":true,"href":"https:\/\/www.europesays.com\/es\/wp-json\/wp\/v2\/tags?post=262401"}],"curies":[{"name":"wp","href":"https:\/\/api.w.org\/{rel}","templated":true}]}}