{"id":262403,"date":"2025-11-29T17:53:13","date_gmt":"2025-11-29T17:53:13","guid":{"rendered":"https:\/\/www.europesays.com\/es\/262403\/"},"modified":"2025-11-29T17:53:13","modified_gmt":"2025-11-29T17:53:13","slug":"el-caso-esta-bajo-secreto-de-sumario","status":"publish","type":"post","link":"https:\/\/www.europesays.com\/es\/262403\/","title":{"rendered":"el caso est\u00e1 bajo secreto de sumario"},"content":{"rendered":"<p class=\"c-paragraph\">La <a href=\"https:\/\/www.20minutos.es\/tags\/temas\/policia-nacional.html\" title=\"Polic\u00eda Nacional\" rel=\"nofollow noopener\" target=\"_blank\">Polic\u00eda Nacional<\/a> de Ja\u00e9n investiga <b>la muerte de dos chicas\u00a0de 15 y 16 a\u00f1os\u00a0<\/b>halladas a la 1:30 horas de la madrugada de este s\u00e1bado en el Parque de la Concordia, antes llamado de la Victoria, de la ciudad jiennense.<\/p>\n<p class=\"c-paragraph\">Fuentes del citado cuerpo han afirmado que se ha decretado <b>el secreto de sumario <\/b>hasta que no se levante por parte del juez.<\/p>\n<p class=\"c-paragraph\">El Servicio de Emergencias 112 de Andaluc\u00eda ha precisado a esta agencia que recibieron un aviso a las 1:30 horas de la ma\u00f1ana por dos j\u00f3venes <b>\u00abposiblemente fallecidas\u00bb<\/b> en el Parque de la Victoria de Ja\u00e9n.<\/p>\n<p class=\"c-paragraph\">La sala coordinadora del 112 activ\u00f3 a efectivos de Polic\u00eda Nacional, Polic\u00eda Local, Bomberos y servicios sanitarios, que confirmaron el fallecimiento de las dos j\u00f3venes. La hip\u00f3tesis inicial de trabajo es considerar este suceso como<b> \u00abposible suicidio\u00bb.<\/b><\/p>\n<p class=\"c-paragraph\">Seg\u00fan el medio <a href=\"https:\/\/www.horajaen.com\/2025\/11\/29\/la-policia-nacional-investiga-la-muerte-de-dos-ninas-adolescentes-en-jaen\/\" rel=\"nofollow noreferrer noopener\" title=\"La Policia Nacional investiga la muerte de dos ni\u00f1as adolescentes en Ja\u00e9n\" target=\"_blank\">Hora Ja\u00e9n<\/a>, en una primera inspecci\u00f3n ocular <b>no se encontraron se\u00f1ales de violencia externa<\/b> y en principio se descarta la participaci\u00f3n de terceras personas.<b\/><\/p>\n<p class=\"c-paragraph\">El subdelegado del Gobierno en Ja\u00e9n, Manuel Fern\u00e1ndez, ha declarado que la Polic\u00eda Nacional est\u00e1 investigando las <b>circunstancias de la muerte<\/b> de las dos menores y ha confirmado que la primera inspecci\u00f3n ocular no indica signos de violencia externa.<\/p>\n<p class=\"c-paragraph\">Por esta raz\u00f3n en este momento se descartar\u00eda la participaci\u00f3n directa de terceras personas aunque la <b>investigaci\u00f3n se mantiene abierta<\/b>.<\/p>\n<p class=\"c-paragraph\">Manuel Fern\u00e1ndez ha pedido que se mantenga el m\u00e1ximo respeto para las menores fallecidas y a <b>sus familias<\/b>, \u00aba quienes queremos trasladar nuestro dolor en unos momentos extraordinariamente duros\u00bb.<\/p>\n<p class=\"c-paragraph\">Las personas con ideas suicidas y sus allegados pueden recibir ayuda especializada a cualquier hora en el tel\u00e9fono 024 y, ante situaciones de emergencia, tambi\u00e9n pueden llamar al 112.<\/p>\n","protected":false},"excerpt":{"rendered":"La Polic\u00eda Nacional de Ja\u00e9n investiga la muerte de dos chicas\u00a0de 15 y 16 a\u00f1os\u00a0halladas a la 1:30&hellip;\n","protected":false},"author":2,"featured_media":262404,"comment_status":"","ping_status":"","sticky":false,"template":"","format":"standard","meta":{"footnotes":""},"categories":[5],"tags":[17,18,16759,1563,25,24,13,14,10000,11,19,20,9,10,15,16,13142,23,12,21,22,2606],"class_list":{"0":"post-262403","1":"post","2":"type-post","3":"status-publish","4":"format-standard","5":"has-post-thumbnail","7":"category-titulares","8":"tag-breaking-news","9":"tag-breakingnews","10":"tag-chicas","11":"tag-dos","12":"tag-es","13":"tag-espana","14":"tag-featured-news","15":"tag-featurednews","16":"tag-hallan","17":"tag-headlines","18":"tag-latest-news","19":"tag-latestnews","20":"tag-news","21":"tag-noticias","22":"tag-noticias-destacadas","23":"tag-noticiasdestacadas","24":"tag-sin","25":"tag-spain","26":"tag-titulares","27":"tag-ultimas-noticias","28":"tag-ultimasnoticias","29":"tag-vida"},"share_on_mastodon":{"url":"https:\/\/pubeurope.com\/@es\/115634267964098738","error":""},"_links":{"self":[{"href":"https:\/\/www.europesays.com\/es\/wp-json\/wp\/v2\/posts\/262403","targetHints":{"allow":["GET"]}}],"collection":[{"href":"https:\/\/www.europesays.com\/es\/wp-json\/wp\/v2\/posts"}],"about":[{"href":"https:\/\/www.europesays.com\/es\/wp-json\/wp\/v2\/types\/post"}],"author":[{"embeddable":true,"href":"https:\/\/www.europesays.com\/es\/wp-json\/wp\/v2\/users\/2"}],"replies":[{"embeddable":true,"href":"https:\/\/www.europesays.com\/es\/wp-json\/wp\/v2\/comments?post=262403"}],"version-history":[{"count":0,"href":"https:\/\/www.europesays.com\/es\/wp-json\/wp\/v2\/posts\/262403\/revisions"}],"wp:featuredmedia":[{"embeddable":true,"href":"https:\/\/www.europesays.com\/es\/wp-json\/wp\/v2\/media\/262404"}],"wp:attachment":[{"href":"https:\/\/www.europesays.com\/es\/wp-json\/wp\/v2\/media?parent=262403"}],"wp:term":[{"taxonomy":"category","embeddable":true,"href":"https:\/\/www.europesays.com\/es\/wp-json\/wp\/v2\/categories?post=262403"},{"taxonomy":"post_tag","embeddable":true,"href":"https:\/\/www.europesays.com\/es\/wp-json\/wp\/v2\/tags?post=262403"}],"curies":[{"name":"wp","href":"https:\/\/api.w.org\/{rel}","templated":true}]}}