{"id":262409,"date":"2025-11-29T18:02:11","date_gmt":"2025-11-29T18:02:11","guid":{"rendered":"https:\/\/www.europesays.com\/es\/262409\/"},"modified":"2025-11-29T18:02:11","modified_gmt":"2025-11-29T18:02:11","slug":"el-atletico-ofrece-una-lista-con-una-esperada-vuelta-y-dos-bajas-para-medirse-al-oviedo","status":"publish","type":"post","link":"https:\/\/www.europesays.com\/es\/262409\/","title":{"rendered":"El Atl\u00e9tico ofrece una lista con una esperada vuelta y dos bajas, para medirse al Oviedo"},"content":{"rendered":"<p data-gtm-element-container=\"modulo-texto-link\" class=\"paragraph\"><strong>Diego Pablo Simeone<\/strong>, entrenador del <strong>Atl\u00e9tico de Madrid<\/strong>, dio a conocer la lista de convocados para el partido de este s\u00e1bado 29 de noviembre, ante el<strong> Real Oviedo<\/strong>, en el <strong>Metropolitano<\/strong>. Un duelo para el que el entrenador colchonero recupera a<strong> Jan Oblak.<\/strong><\/p>\n<p>        Lee tambi\u00e9n<\/p>\n<p>    Chema G. Fuente<\/p>\n<p>             <img loading=\"lazy\" decoding=\"async\" data-full-src=\"https:\/\/www.mundodeportivo.com\/uploads\/2023\/01\/04\/63b5e69603e73.jpeg\" alt=\"Horizontal\" width=\"334\" height=\"164\" src=\"https:\/\/www.europesays.com\/es\/wp-content\/uploads\/2025\/11\/63b5e69603e73.jpeg\" class=\"lazy\"\/><\/p>\n<p data-gtm-element-container=\"modulo-texto-link\" class=\"paragraph\">El guardameta esloveno regresa a una lista despu\u00e9s de perderse los dos \u00faltimos choques del equipo. El arquero se lesion\u00f3 durante el \u00faltimo par\u00f3n de selecciones, en la rodilla. Aunque no lleg\u00f3 a haber un parte m\u00e9dico oficial por parte del <strong>Atl\u00e9tico<\/strong>.<strong> Jan Oblak <\/strong>se qued\u00f3 sin jugar el segundo de los partidos de la ventana internacional, porque fue dispensado por su pa\u00eds, por dicha lesi\u00f3n.<\/p>\n<p>                <img loading=\"lazy\" decoding=\"async\" data-full-src=\"https:\/\/www.mundodeportivo.com\/uploads\/2025\/11\/29\/692aeeb6c4db7.jpeg\" alt=\"Convocatoria del Atl\u00e9tico de Madrid ante el Real Oviedo.\" width=\"449\" height=\"561\" src=\"https:\/\/www.europesays.com\/es\/wp-content\/uploads\/2025\/11\/692aeeb6c4db7.jpeg\" class=\"lazy\"\/><\/p>\n<p class=\"caption-title \">Convocatoria del Atl\u00e9tico de Madrid ante el Real Oviedo.<\/p>\n<p>                    Club Atl\u00e9tico de Madrid<\/p>\n<p data-gtm-element-container=\"modulo-texto-link\" class=\"paragraph\">Se perdi\u00f3 las citas con <strong>Atl\u00e9tico de Madrid,<\/strong> ante el <strong>Getafe<\/strong>, y frente al<strong> Inter de Mil\u00e1n.<\/strong> En esos dos choques fue <strong>Juan Musso <\/strong>el que defendi\u00f3 la porter\u00eda rojiblanca, con sendas actuaciones notables. Por lo dem\u00e1s, se confirman las bajas, por lesi\u00f3n de<strong> Marcos Llorente<\/strong> y de <strong>Robin Le Normand.<\/strong><\/p>\n<p>        Lee tambi\u00e9n<\/p>\n<p>    Chema G. Fuente<\/p>\n<p>             <img loading=\"lazy\" decoding=\"async\" data-full-src=\"https:\/\/www.mundodeportivo.com\/uploads\/2025\/11\/29\/692ad965e2aa4.jpeg\" alt=\"Antonio Cassano, sin clemencia, con el 'culpable' del 2-1 del Atl\u00e9tico: \" width=\"334\" height=\"164\" src=\"https:\/\/www.europesays.com\/es\/wp-content\/uploads\/2025\/11\/692ad965e2aa4.r_d.1037-737.jpeg\" class=\"lazy\"\/><\/p>\n<p data-gtm-element-container=\"modulo-texto-link\" class=\"paragraph\">La lista para el duelo ante el <strong>Real Oviedo<\/strong>, est\u00e1 compuesta por los guardametas<strong> Juan Musso, Jan Oblak<\/strong> y <strong>Salvador Esquivel<\/strong>; los defensas,<strong> Jos\u00e9 Mar\u00eda Gim\u00e9nez, Matteo Ruggeri, Cl\u00e9ment Lenglet, Nahuel Molina, David Hancko, Marc Pubill <\/strong>y<strong> Javi Gal\u00e1n;<\/strong> los centrocampistas <strong>Conor Gallagher, Johnny Cardoso, Koke Resurrecci\u00f3n, Pablo Barrios, Thiago Almada<\/strong> y <strong>Nico Gonz\u00e1lez<\/strong>; y por los atacantes <strong>Antoine Griezmann, Alexander Sorloth, \u00c1lex Baena, Juli\u00e1n \u00c1lvarez, Carlos Mart\u00edn, Giuliano Simeone<\/strong> y<strong> Giacomo Raspadori.<\/strong><\/p>\n","protected":false},"excerpt":{"rendered":"Diego Pablo Simeone, entrenador del Atl\u00e9tico de Madrid, dio a conocer la lista de convocados para el partido&hellip;\n","protected":false},"author":2,"featured_media":262410,"comment_status":"","ping_status":"","sticky":false,"template":"","format":"standard","meta":{"footnotes":""},"categories":[268],"tags":[168,25,24,280,282,281,23,167],"class_list":{"0":"post-262409","1":"post","2":"type-post","3":"status-publish","4":"format-standard","5":"has-post-thumbnail","7":"category-futbol","8":"tag-deportes","9":"tag-es","10":"tag-espana","11":"tag-football","12":"tag-futbol","13":"tag-soccer","14":"tag-spain","15":"tag-sports"},"share_on_mastodon":{"url":"https:\/\/pubeurope.com\/@es\/115634303732315726","error":""},"_links":{"self":[{"href":"https:\/\/www.europesays.com\/es\/wp-json\/wp\/v2\/posts\/262409","targetHints":{"allow":["GET"]}}],"collection":[{"href":"https:\/\/www.europesays.com\/es\/wp-json\/wp\/v2\/posts"}],"about":[{"href":"https:\/\/www.europesays.com\/es\/wp-json\/wp\/v2\/types\/post"}],"author":[{"embeddable":true,"href":"https:\/\/www.europesays.com\/es\/wp-json\/wp\/v2\/users\/2"}],"replies":[{"embeddable":true,"href":"https:\/\/www.europesays.com\/es\/wp-json\/wp\/v2\/comments?post=262409"}],"version-history":[{"count":0,"href":"https:\/\/www.europesays.com\/es\/wp-json\/wp\/v2\/posts\/262409\/revisions"}],"wp:featuredmedia":[{"embeddable":true,"href":"https:\/\/www.europesays.com\/es\/wp-json\/wp\/v2\/media\/262410"}],"wp:attachment":[{"href":"https:\/\/www.europesays.com\/es\/wp-json\/wp\/v2\/media?parent=262409"}],"wp:term":[{"taxonomy":"category","embeddable":true,"href":"https:\/\/www.europesays.com\/es\/wp-json\/wp\/v2\/categories?post=262409"},{"taxonomy":"post_tag","embeddable":true,"href":"https:\/\/www.europesays.com\/es\/wp-json\/wp\/v2\/tags?post=262409"}],"curies":[{"name":"wp","href":"https:\/\/api.w.org\/{rel}","templated":true}]}}