{"id":262411,"date":"2025-11-29T18:03:09","date_gmt":"2025-11-29T18:03:09","guid":{"rendered":"https:\/\/www.europesays.com\/es\/262411\/"},"modified":"2025-11-29T18:03:09","modified_gmt":"2025-11-29T18:03:09","slug":"gestos-estilo-y-la-noche-luminosa-de-la-que-todos-hablan","status":"publish","type":"post","link":"https:\/\/www.europesays.com\/es\/262411\/","title":{"rendered":"gestos, estilo y la noche luminosa de la que todos hablan"},"content":{"rendered":"\n<p> Espa\u00f1a est\u00e1 sumida, de lleno, en la temporada de <strong>encendidos navide\u00f1os<\/strong>. Durante los \u00faltimos d\u00edas, gran parte de las ciudades de nuestro pa\u00eds han inaugurado oficialmente <strong>la Navidad<\/strong>. Este viernes, mientras <strong>Murcia<\/strong> viv\u00eda un <a href=\"https:\/\/www.vanitatis.elconfidencial.com\/celebrities\/2025-11-28\/richard-gere-alejandra-enciente-arbol-navidad-murcia_4256913\/\" target=\"_self\" rel=\"nofollow noopener\">momento emotivo con Richard Gere<\/a> durante el encendido del \u00e1rbol, en M\u00e1laga la magia tuvo otro protagonista. <strong>Antonio Banderas<\/strong>, acompa\u00f1ado de <a href=\"https:\/\/www.vanitatis.elconfidencial.com\/estilo\/moda\/2023-03-12\/exclusiva-nicole-kimpel-claves-look-oscar_3590418\/\" target=\"_self\" rel=\"nofollow noopener\">Nicole Kimpel<\/a>, se dej\u00f3 ver disfrutando del espect\u00e1culo luminoso de las calles en las que residen. As\u00ed, la pareja, muy unida a la vida cultural y social malague\u00f1a, asistieron al encendido de la calle Larios, uno de los m\u00e1s esperados del pa\u00eds. <\/p>\n<p> La tarde en <strong>M\u00e1laga<\/strong> comenz\u00f3 a transformarse mucho antes de que las <strong>luces<\/strong> se encendieran. Primero, llegaron los m\u00e1s peque\u00f1os con las bufandas -el fr\u00edo comenz\u00f3 a irse con la marea creciente-. Despu\u00e9s, los turistas que no quer\u00edan perderse el c\u00e9lebre <strong>encendido<\/strong> de la calle Larios. Y, por \u00faltimo, aquellos malague\u00f1os que hacen de esta cita un <strong>ritual<\/strong> anual. La expectaci\u00f3n era evidente. M\u00e1s a\u00fan porque, como dec\u00edamos, con el paso de los a\u00f1os, este alumbrado se ha convertido en un reclamo que marca el inicio real de la temporada festiva. Algo similar a lo que ocurre con grandes ciudades como Madrid, Vigo o Valencia. <\/p>\n<blockquote class=\"instagram-media\" data-instgrm-captioned=\"\" data-instgrm-permalink=\"https:\/\/www.instagram.com\/p\/DRnUjFJjt1f\/?utm_source=ig_embed&amp;utm_campaign=loading\" data-instgrm-version=\"14\" style=\" background:#FFF; border:0; border-radius:3px; box-shadow:0 0 1px 0 rgba(0,0,0,0.5),0 1px 10px 0 rgba(0,0,0,0.15); margin: 1px; max-width:540px; min-width:326px; padding:0; width:99.375%; width:-webkit-calc(100% - 2px); width:calc(100% - 2px);\"\/>\n<p> Antes de que tuviera lugar el <strong>encendido<\/strong>, el p\u00fablico disfrut\u00f3 de una breve <strong>puesta en escena<\/strong> que sirvi\u00f3 de anticipo. Hubo actuaciones coordinadas, <strong>m\u00fasica<\/strong> y un peque\u00f1o espect\u00e1culo visual planteado para mantener la atenci\u00f3n y preparar el <strong>ambiente<\/strong>. Aunque no fue un gran show, s\u00ed sirvi\u00f3 como una introducci\u00f3n eficaz que dio paso al momento clave: la iluminaci\u00f3n completa de Larios que, como anunciaron desde el Ayuntamiento, en 2025 incorpora nuevos elementos decorativos y un dise\u00f1o m\u00e1s uniforme a lo largo de toda la avenida con el que han conseguido crear un impacto visual inmediato. <\/p>\n<p> Como se puede ver en las <strong>im\u00e1genes<\/strong>, <a href=\"https:\/\/www.vanitatis.elconfidencial.com\/famosos\/2025-10-16\/banderas-griffith-desembarco-valladolid-boda-stella_4229156\/\" target=\"_self\" rel=\"nofollow noopener\">Antonio Banderas<\/a> y Domingo Merl\u00edn, el colaborador habitual del actor en proyectos esc\u00e9nicos, fueron los encargados de dar al bot\u00f3n junto a <strong>Francisco de la Torre<\/strong>, alcalde de M\u00e1laga. En todo momento, el actor derroch\u00f3 <strong>felicidad<\/strong> y complicidad. Y no es de extra\u00f1ar puesto que siempre ha profesado, all\u00e1 donde va, el amor por su tierra. Para la ocasi\u00f3n, apareci\u00f3 con un look relajado pero muy reconocible en \u00e9l: cazadora negra con tachuelas, camiseta b\u00e1sica y pantal\u00f3n blanco. Un estilismo c\u00f3modo con ese toque roquero que forma parte de su identidad. <\/p>\n<p>               Antonio Banderas durante el encendido. (Instagram \/ @ayuntamientomalaga)             <\/p>\n<p> Junto a \u00e9l, aunque sin subir al escenario, estuvo <strong>Nicole Kimpel<\/strong>, que no quiso perderse el momento. La empresaria acompa\u00f1\u00f3 a <strong>Antonio Banderas<\/strong>, como hace habitualmente en los eventos importantes, reafirmando esa imagen de pareja s\u00f3lida y unida que proyectan desde sus comienzos. Para la ocasi\u00f3n, apost\u00f3 por un look sobrio y elegante: abrigo negro con detalles brillantes, jersey a tono y melena suelta ligeramente ondulada. Un estilismo que, aunque era discreto, s\u00ed encajaba a la perfecci\u00f3n con el <strong>ambiente festivo<\/strong> de la <strong>noche<\/strong>. <\/p>\n<p> Espa\u00f1a est\u00e1 sumida, de lleno, en la temporada de <strong>encendidos navide\u00f1os<\/strong>. Durante los \u00faltimos d\u00edas, gran parte de las ciudades de nuestro pa\u00eds han inaugurado oficialmente <strong>la Navidad<\/strong>. Este viernes, mientras <strong>Murcia<\/strong> viv\u00eda un <a href=\"https:\/\/www.vanitatis.elconfidencial.com\/celebrities\/2025-11-28\/richard-gere-alejandra-enciente-arbol-navidad-murcia_4256913\/\" target=\"_self\" rel=\"nofollow noopener\">momento emotivo con Richard Gere<\/a> durante el encendido del \u00e1rbol, en M\u00e1laga la magia tuvo otro protagonista. <strong>Antonio Banderas<\/strong>, acompa\u00f1ado de <a href=\"https:\/\/www.vanitatis.elconfidencial.com\/estilo\/moda\/2023-03-12\/exclusiva-nicole-kimpel-claves-look-oscar_3590418\/\" target=\"_self\" rel=\"nofollow noopener\">Nicole Kimpel<\/a>, se dej\u00f3 ver disfrutando del espect\u00e1culo luminoso de las calles en las que residen. As\u00ed, la pareja, muy unida a la vida cultural y social malague\u00f1a, asistieron al encendido de la calle Larios, uno de los m\u00e1s esperados del pa\u00eds. <\/p>\n<p>              <script async src=\"\/\/www.instagram.com\/embed.js\"><\/script><\/p>\n","protected":false},"excerpt":{"rendered":"Espa\u00f1a est\u00e1 sumida, de lleno, en la temporada de encendidos navide\u00f1os. Durante los \u00faltimos d\u00edas, gran parte de&hellip;\n","protected":false},"author":2,"featured_media":262412,"comment_status":"","ping_status":"","sticky":false,"template":"","format":"standard","meta":{"footnotes":""},"categories":[174],"tags":[255,146,147,25,24,256,23],"class_list":{"0":"post-262411","1":"post","2":"type-post","3":"status-publish","4":"format-standard","5":"has-post-thumbnail","7":"category-famosos","8":"tag-celebrities","9":"tag-entertainment","10":"tag-entretenimiento","11":"tag-es","12":"tag-espana","13":"tag-famosos","14":"tag-spain"},"share_on_mastodon":{"url":"https:\/\/pubeurope.com\/@es\/115634307288929677","error":""},"_links":{"self":[{"href":"https:\/\/www.europesays.com\/es\/wp-json\/wp\/v2\/posts\/262411","targetHints":{"allow":["GET"]}}],"collection":[{"href":"https:\/\/www.europesays.com\/es\/wp-json\/wp\/v2\/posts"}],"about":[{"href":"https:\/\/www.europesays.com\/es\/wp-json\/wp\/v2\/types\/post"}],"author":[{"embeddable":true,"href":"https:\/\/www.europesays.com\/es\/wp-json\/wp\/v2\/users\/2"}],"replies":[{"embeddable":true,"href":"https:\/\/www.europesays.com\/es\/wp-json\/wp\/v2\/comments?post=262411"}],"version-history":[{"count":0,"href":"https:\/\/www.europesays.com\/es\/wp-json\/wp\/v2\/posts\/262411\/revisions"}],"wp:featuredmedia":[{"embeddable":true,"href":"https:\/\/www.europesays.com\/es\/wp-json\/wp\/v2\/media\/262412"}],"wp:attachment":[{"href":"https:\/\/www.europesays.com\/es\/wp-json\/wp\/v2\/media?parent=262411"}],"wp:term":[{"taxonomy":"category","embeddable":true,"href":"https:\/\/www.europesays.com\/es\/wp-json\/wp\/v2\/categories?post=262411"},{"taxonomy":"post_tag","embeddable":true,"href":"https:\/\/www.europesays.com\/es\/wp-json\/wp\/v2\/tags?post=262411"}],"curies":[{"name":"wp","href":"https:\/\/api.w.org\/{rel}","templated":true}]}}