{"id":262413,"date":"2025-11-29T18:06:15","date_gmt":"2025-11-29T18:06:15","guid":{"rendered":"https:\/\/www.europesays.com\/es\/262413\/"},"modified":"2025-11-29T18:06:15","modified_gmt":"2025-11-29T18:06:15","slug":"juan-del-val-carga-duramente-contra-rtve-television-publica-manipulada-por-el-gobierno","status":"publish","type":"post","link":"https:\/\/www.europesays.com\/es\/262413\/","title":{"rendered":"Juan del Val carga duramente contra RTVE: \u201cTelevisi\u00f3n p\u00fablica manipulada por el gobierno\u201d"},"content":{"rendered":"<p class=\"\">En los \u00faltimos tiempos, el nombre de <b>Juan del Val<\/b> ha sonado con mucha fuerza. Y es que, a mediados del mes de octubre, el marido de Nuria Roca fue galardonado con el prestigioso <b>Premio Planeta<\/b> por su novela<b> \u2018Vera, una historia de amor\u2019<\/b>. Adem\u00e1s, el escritor nacido en Madrid tambi\u00e9n se hizo con el jugoso premio, el m\u00e1s elevado entre los galardones literarios, que ofrece: se embols\u00f3 <b>un mill\u00f3n de euros<\/b>. <\/p>\n<p class=\"\">Recientemente, el colaborador de <b>\u2018El Hormiguero\u2019 y \u2018La Roca\u2019<\/b> concedi\u00f3 una entrevista a \u2018La Vanguardia\u2019. En ella, el escritor se sincer\u00f3 y habl\u00f3 sobre la consecuci\u00f3n de su Premio Planeta, <b>sobre las diversas cr\u00edticas que ha recibido su obra o sobre qui\u00e9n tiene el poder dentro del \u00e1mbito televisivo<\/b>, entre otros temas. <\/p>\n<p class=\"\">Para empezar, el televisivo explic\u00f3 c\u00f3mo se sinti\u00f3 en el momento en el que recibi\u00f3 el Premio Planeta 2025: <b>\u201cAs\u00ed tendr\u00eda m\u00e1s lectores. Y mis padres se lo merec\u00edan\u201d<\/b>, afirm\u00f3. Tras ello, respondi\u00f3 a una de las preguntas m\u00e1s repetidas: qu\u00e9 va a hacer con el mill\u00f3n de euros del premio. <b>\u201cGast\u00e1rmelo, no me cuesta gastar\u201d<\/b>, reconoci\u00f3.<\/p>\n<p class=\"\">A continuaci\u00f3n, Juan del Val sali\u00f3 al paso de las numerosas cr\u00edticas que ha recibido por su obra: <b>\u201cConmigo se han pasado. A los odiadores en redes, amplificados por los medios \u2018serios\u2019, les digo: \u2018\u00bfY si baj\u00e1is un poco?\u2019. A m\u00ed me la suda, pero mi familia sufre\u201d<\/b>, recalc\u00f3, visiblemente molesto.<\/p>\n<p>\u201c\u00bfCerrar\u00eda TVE?\u201d<\/p>\n<p class=\"\">Siguiendo con la entrevista, lleg\u00f3 uno de sus momentos m\u00e1s destacados: <b>qui\u00e9n tiene el poder en la televisi\u00f3n, Antena 3 o Televisi\u00f3n Espa\u00f1ola<\/b>: <b>\u201cAntena 3 tiene m\u00e1s audiencia, o sea, tiene m\u00e1s influencia\u201d<\/b>, respondi\u00f3 el escritor. Tras ello, Juan del Val asegur\u00f3 que <b>no tendr\u00eda problema ninguno en acudir a \u2018La Revuelta\u2019<\/b>, ya que \u00e9l jam\u00e1s se negar\u00eda a una entrevista.<\/p>\n<p>Noticias relacionadas<a href=\"https:\/\/as.com\/tikitakas\/famosos\/morgan-freeman-revela-el-secreto-de-su-salud-a-sus-88-anos-sigue-levantandote-por-la-manana-f202511-n\/\" class=\"s_m_w\" title=\"El famoso actor ha compartido las claves para mantenerse en forma y saludable.\" data-tb-link=\"\" rel=\"nofollow noopener\" target=\"_blank\"><img decoding=\"async\" src=\"https:\/\/www.europesays.com\/es\/wp-content\/uploads\/2025\/11\/1764439574_345_JRRPWS7BTRJWLFJPKR3AM7VZ3Y.jpg\" alt=\"Morgan Freeman revela el secreto de su salud a sus 88 a\u00f1os: \u201cSigue levant\u00e1ndote por la ma\u00f1ana\u201d\" class=\"\" height=\"9\" width=\"16\"   loading=\"lazy\" data-tb-thumbnail=\"\"\/><\/a><a href=\"https:\/\/as.com\/tikitakas\/famosos\/alejandra-silva-clara-sobre-su-futuro-con-richard-gere-nunca-me-voy-a-ir-de-madrid-porque-espana-es-mi-hogar-f202511-n\/\" class=\"s_m_w\" title=\"La mujer del actor ha se\u00f1alado que sus planes de futuro pasan por seguir en nuestro pa\u00eds, donde han estado viviendo el \u00faltimo a\u00f1o.\" data-tb-link=\"\" rel=\"nofollow noopener\" target=\"_blank\"><img decoding=\"async\" src=\"https:\/\/www.europesays.com\/es\/wp-content\/uploads\/2025\/11\/1764439575_192_WHLBUZQELRPN3FYCDLBQSI3BJQ.jpg\" alt=\"Alejandra Silva, clara sobre su futuro con Richard Gere: \u201cNunca me voy a ir de Madrid porque Espa\u00f1a es mi hogar\u201d\" class=\"\" height=\"9\" width=\"16\"   loading=\"lazy\" data-tb-thumbnail=\"\"\/><\/a><\/p>\n<p class=\"\">Sin embargo, el reportero de \u2018La Vanguardia\u2019 fue un paso m\u00e1s all\u00e1, pregunt\u00e1ndole al televisivo lo siguiente: <b>\u201c\u00bfCerrar\u00eda TVE?\u201d.<\/b> El marido de Nuria Roca expres\u00f3 que \u00e9l jam\u00e1s har\u00eda algo as\u00ed, aunque no dud\u00f3 en lanzar un palo a la entidad p\u00fablica: <b>\u201cDeploro que una televisi\u00f3n p\u00fablica sea manipulada por un gobierno\u201d<\/b>, concluy\u00f3.<\/p>\n<p class=\"\"><b>\u00a1Tus opiniones importan!<\/b> Comenta en los art\u00edculos y suscr\u00edbete gratis a nuestra <a href=\"https:\/\/asfan.as.com\/newsletters\/\" target=\"_blank\" rel=\"nofollow noopener\" title=\"https:\/\/asfan.as.com\/newsletters\/\">newsletter<\/a> y a las alertas informativas en la <a href=\"https:\/\/as.com\/aplicacion-de-as-n\/\" target=\"_blank\" rel=\"nofollow noopener\" title=\"https:\/\/as.com\/aplicacion-de-as-n\/\">App<\/a> o el canal de <a href=\"https:\/\/www.whatsapp.com\/channel\/0029VaAasdA7j6g745nz9M10\" target=\"_blank\" rel=\"nofollow noopener\" title=\"https:\/\/www.whatsapp.com\/channel\/0029VaAasdA7j6g745nz9M10\">WhatsApp<\/a>. \u00bfBuscas licenciar contenido? Haz clic <a href=\"https:\/\/profesional.elpais.com\/soluciones-sindicacion?utm_medium=interno&amp;utm_source=crosslinking&amp;utm_campaign=sindicacion_as_pie_articulos\" target=\"_blank\" rel=\"nofollow noopener\" title=\"https:\/\/profesional.elpais.com\/soluciones-sindicacion?utm_medium=interno&amp;utm_source=crosslinking&amp;utm_campaign=sindicacion_as_pie_articulos\">aqu\u00ed<\/a><\/p>\n","protected":false},"excerpt":{"rendered":"En los \u00faltimos tiempos, el nombre de Juan del Val ha sonado con mucha fuerza. Y es que,&hellip;\n","protected":false},"author":2,"featured_media":262414,"comment_status":"","ping_status":"","sticky":false,"template":"","format":"standard","meta":{"footnotes":""},"categories":[171],"tags":[146,147,25,24,23,214],"class_list":{"0":"post-262413","1":"post","2":"type-post","3":"status-publish","4":"format-standard","5":"has-post-thumbnail","7":"category-tv","8":"tag-entertainment","9":"tag-entretenimiento","10":"tag-es","11":"tag-espana","12":"tag-spain","13":"tag-tv"},"share_on_mastodon":{"url":"https:\/\/pubeurope.com\/@es\/115634319897632582","error":""},"_links":{"self":[{"href":"https:\/\/www.europesays.com\/es\/wp-json\/wp\/v2\/posts\/262413","targetHints":{"allow":["GET"]}}],"collection":[{"href":"https:\/\/www.europesays.com\/es\/wp-json\/wp\/v2\/posts"}],"about":[{"href":"https:\/\/www.europesays.com\/es\/wp-json\/wp\/v2\/types\/post"}],"author":[{"embeddable":true,"href":"https:\/\/www.europesays.com\/es\/wp-json\/wp\/v2\/users\/2"}],"replies":[{"embeddable":true,"href":"https:\/\/www.europesays.com\/es\/wp-json\/wp\/v2\/comments?post=262413"}],"version-history":[{"count":0,"href":"https:\/\/www.europesays.com\/es\/wp-json\/wp\/v2\/posts\/262413\/revisions"}],"wp:featuredmedia":[{"embeddable":true,"href":"https:\/\/www.europesays.com\/es\/wp-json\/wp\/v2\/media\/262414"}],"wp:attachment":[{"href":"https:\/\/www.europesays.com\/es\/wp-json\/wp\/v2\/media?parent=262413"}],"wp:term":[{"taxonomy":"category","embeddable":true,"href":"https:\/\/www.europesays.com\/es\/wp-json\/wp\/v2\/categories?post=262413"},{"taxonomy":"post_tag","embeddable":true,"href":"https:\/\/www.europesays.com\/es\/wp-json\/wp\/v2\/tags?post=262413"}],"curies":[{"name":"wp","href":"https:\/\/api.w.org\/{rel}","templated":true}]}}