{"id":262415,"date":"2025-11-29T18:07:20","date_gmt":"2025-11-29T18:07:20","guid":{"rendered":"https:\/\/www.europesays.com\/es\/262415\/"},"modified":"2025-11-29T18:07:20","modified_gmt":"2025-11-29T18:07:20","slug":"ariana-grande-aclara-su-cercania-con-cynthia-erivo-en-los-eventos-de-wicked-y-explica-el-gesto-que-confundio-a-fans-canalizo-mucha-energia","status":"publish","type":"post","link":"https:\/\/www.europesays.com\/es\/262415\/","title":{"rendered":"Ariana Grande aclara su cercan\u00eda con Cynthia Erivo en los eventos de &#8216;\u00bfWicked&#8217; y explica el gesto que confundi\u00f3 a fans: &#8216;Canalizo mucha energ\u00eda&#8217;"},"content":{"rendered":"<p>Durante la gira promocional de <b>\u201cWicked: For Good\u201d<\/b>, Ariana Grande abord\u00f3 la atenci\u00f3n generada por las im\u00e1genes en las que aparece sujetando la mano o incluso el dedo de Cynthia Erivo en diversas apariciones p\u00fablicas.\u00a0<\/p>\n<p>El tema surgi\u00f3 despu\u00e9s de que esas escenas se viralizaron y provocaron m\u00faltiples reacciones entre seguidores en redes sociales. <b>Grande habl\u00f3 del asunto en el podcast \u201cGood Hang with Amy Poehler\u201d<\/b>, donde detall\u00f3 que esta conducta responde a una costumbre personal relacionada con c\u00f3mo gestiona la energ\u00eda en situaciones de alta exposici\u00f3n.<\/p>\n<p class=\"c-leatambien__titulo\"> LEA TAMBI\u00c9N <\/p>\n<p><img decoding=\"async\" alt=\"'Wicked: por siempre', pel\u00edcula protagonizada por Cynthia Erivo y Ariana Grande.\" width=\"120\" height=\"120\" loading=\"lazy\" src=\"https:\/\/imagenes2.eltiempo.com\/files\/image_120_120\/files\/fp\/uploads\/2025\/11\/20\/691fa1b305bfc.r_d.928-509.jpeg\" data-full-src=\"https:\/\/www.europesays.com\/es\/wp-content\/uploads\/2025\/11\/691fa1b305bfc.jpeg\"\/><\/p>\n<p>La cantante explic\u00f3 que <b>suele buscar contacto f\u00edsico con las personas cercanas durante entrevistas o eventos<\/b>, algo que ocurre de manera espont\u00e1nea.\u00a0<\/p>\n<p>\u201cS\u00ed, canalizo mucha energ\u00eda a trav\u00e9s de mis manos. Por eso, siempre estoy agarrando una mano, siempre estoy apretando algo. A menudo depende de con qui\u00e9n est\u00e9; me gusta transmitir apoyo, energ\u00eda y dem\u00e1s\u201d, se\u00f1al\u00f3 durante la conversaci\u00f3n.\u00a0<\/p>\n<p>A\u00f1adi\u00f3 que <b>en ocasiones no nota el gesto hasta revisar las grabaciones despu\u00e9s<\/b>, como ocurri\u00f3 en una entrevista con Advocate Channel.<\/p>\n<p class=\"c-cuerpo__media__txt\">La gira publicitaria evidenci\u00f3 el v\u00ednculo construido por ambas durante el rodaje. Foto:AFP<\/p>\n<p class=\"c-leatambien__titulo\"> LEA TAMBI\u00c9N <\/p>\n<p><img decoding=\"async\" alt=\"'Wicked: por siempre', pel\u00edcula protagonizada por Cynthia Erivo y Ariana Grande.\" width=\"120\" height=\"120\" loading=\"lazy\" src=\"https:\/\/imagenes2.eltiempo.com\/files\/image_120_120\/files\/fp\/uploads\/2025\/11\/20\/691fa1b76aff5.r_d.840-992.jpeg\" data-full-src=\"https:\/\/www.europesays.com\/es\/wp-content\/uploads\/2025\/11\/691fa1b76aff5.jpeg\"\/>Relaci\u00f3n entre ambas actrices y continuidad tras el rodaje<\/p>\n<p>La int\u00e9rprete de Glinda coment\u00f3 que, desde que concluy\u00f3 el rodaje hasta el inicio de la promoci\u00f3n, hubo un periodo en el que ella y Erivo no coincidieron con frecuencia debido a sus compromisos profesionales. A pesar de ello, <b>asegur\u00f3 que ambas trataron de mantener activa su comunicaci\u00f3n para preservar el v\u00ednculo generado durante la filmaci\u00f3n.<\/b><\/p>\n<p>Meses antes, Cynthia Erivo hab\u00eda hablado de esta din\u00e1mica en \u201cThe Drew Barrymore Show\u201d. La actriz mencion\u00f3 que <b>mantiene una cercan\u00eda natural con Grande y que el contacto f\u00edsico es una expresi\u00f3n habitual de afecto en su vida cotidiana<\/b>. Tambi\u00e9n indic\u00f3 que, cuando esa forma de conexi\u00f3n se interrumpe, siente que \u201calgo no encaja\u201d. Erivo indic\u00f3 adem\u00e1s que muchos espectadores suelen interpretar ese tipo de contacto como un gesto rom\u00e1ntico, aunque para ellas se trata de una manera genuina de comunicarse tras compartir una experiencia laboral intensa.<\/p>\n<p class=\"c-cuerpo__media__txt\">Erivo afirm\u00f3 que el afecto t\u00e1ctil es natural entre ellas y no implica interpretaciones rom\u00e1nticas. Foto:AFP<\/p>\n<p class=\"c-leatambien__titulo\"> LEA TAMBI\u00c9N <\/p>\n<p><img decoding=\"async\" alt=\"Wicked, dirigida por Jon M. Chu, est\u00e1 protagonizada por Cynthia y Ariana Grande.\" width=\"120\" height=\"120\" loading=\"lazy\" src=\"https:\/\/imagenes2.eltiempo.com\/files\/image_120_120\/files\/fp\/uploads\/2024\/11\/26\/6745f85d83f58.r_d.1479-650.jpeg\" data-full-src=\"https:\/\/www.europesays.com\/es\/wp-content\/uploads\/2025\/11\/6745f85d83f58.jpeg\"\/>Contexto de la pel\u00edcula y proyecciones del estudio<\/p>\n<p><b>\u201cWicked: For Good\u201d<\/b>, continuaci\u00f3n de la entrega estrenada en 2024, retoma la historia en el punto en que Elphaba queda exiliada y convertida en la Malvada Bruja del Oeste, mientras Glinda asume un rol p\u00fablico como \u201cGlinda la Buena\u201d. <b>La trama expone c\u00f3mo la amistad entre ambas se tensiona ante decisiones que las sit\u00faan en lados opuestos del conflicto pol\u00edtico en Oz<\/b>.<\/p>\n<p>Dirigida por Jon M. Chu, la producci\u00f3n cuenta con Cynthia Erivo como Elphaba y Ariana Grande como Glinda, junto con Jonathan Bailey, Michelle Yeoh y Jeff Goldblum. Aunque el desempe\u00f1o en taquilla no igual\u00f3 al de la pel\u00edcula anterior, Universal Pictures expres\u00f3 inter\u00e9s en ampliar este universo narrativo, lo cual podr\u00eda derivar en una precuela o un spin-off donde participen nuevamente las protagonistas.<\/p>\n<p class=\"c-cuerpo__media__txt\">Filme contin\u00faa la historia de Elphaba y Glinda mientras enfrentan tensiones en el conflicto de Oz. Foto:Universal Pictures<\/p>\n<p class=\"c-leatambien__titulo\"> LEA TAMBI\u00c9N <\/p>\n<p><img decoding=\"async\" alt=\"Video: fan\u00e1tico se abalanz\u00f3 sobre Ariana Grande en el estreno de 'Wicked' en Singapur; as\u00ed la defendi\u00f3 Cynthia Erivo\" width=\"120\" height=\"120\" loading=\"lazy\" src=\"https:\/\/imagenes2.eltiempo.com\/files\/image_120_120\/uploads\/2025\/11\/13\/69162b0d79d27.png\" data-full-src=\"https:\/\/www.europesays.com\/es\/wp-content\/uploads\/2025\/11\/1764439640_652_69162b0d79d27.png\"\/>Incidente en la premiere de Singapur<\/p>\n<p>Durante la premiere de \u201cWicked: For Good\u201d en Singapur, Ariana Grande enfrent\u00f3 un sobresalto cuando un hombre burl\u00f3 la seguridad, salt\u00f3 una barrera y se acerc\u00f3 de manera abrupta para sujetarla por los hombros en la alfombra roja. <b>El personal de seguridad intervino de inmediato y control\u00f3 la situaci\u00f3n sin que se registraran lesiones.<\/b><\/p>\n<p>El individuo fue detenido en el lugar y posteriormente enfrent\u00f3 cargos por alteraci\u00f3n del orden p\u00fablico. Las autoridades locales determinaron una condena de 9 d\u00edas de prisi\u00f3n, seguida de su deportaci\u00f3n y la prohibici\u00f3n de reingresar al pa\u00eds.<\/p>\n<p>El Comercio (Per\u00fa) \/ GDA<\/p>\n<p>M\u00e1s noticias en EL TIEMPO<\/p>\n<p>*Este contenido fue reescrito con la asistencia de una inteligencia artificial, basado en informaci\u00f3n de El Comercio, y cont\u00f3 con la revisi\u00f3n de un periodista y un editor.<\/p>\n","protected":false},"excerpt":{"rendered":"Durante la gira promocional de \u201cWicked: For Good\u201d, Ariana Grande abord\u00f3 la atenci\u00f3n generada por las im\u00e1genes en&hellip;\n","protected":false},"author":2,"featured_media":262416,"comment_status":"","ping_status":"","sticky":false,"template":"","format":"standard","meta":{"footnotes":""},"categories":[170],"tags":[2825,6264,65400,146,147,25,24,699,184,185,23,3271],"class_list":{"0":"post-262415","1":"post","2":"type-post","3":"status-publish","4":"format-standard","5":"has-post-thumbnail","7":"category-musica","8":"tag-aclara","9":"tag-ariana","10":"tag-cercania","11":"tag-entertainment","12":"tag-entretenimiento","13":"tag-es","14":"tag-espana","15":"tag-grande","16":"tag-music","17":"tag-musica","18":"tag-spain","19":"tag-su"},"share_on_mastodon":{"url":"https:\/\/pubeurope.com\/@es\/115634323819749450","error":""},"_links":{"self":[{"href":"https:\/\/www.europesays.com\/es\/wp-json\/wp\/v2\/posts\/262415","targetHints":{"allow":["GET"]}}],"collection":[{"href":"https:\/\/www.europesays.com\/es\/wp-json\/wp\/v2\/posts"}],"about":[{"href":"https:\/\/www.europesays.com\/es\/wp-json\/wp\/v2\/types\/post"}],"author":[{"embeddable":true,"href":"https:\/\/www.europesays.com\/es\/wp-json\/wp\/v2\/users\/2"}],"replies":[{"embeddable":true,"href":"https:\/\/www.europesays.com\/es\/wp-json\/wp\/v2\/comments?post=262415"}],"version-history":[{"count":0,"href":"https:\/\/www.europesays.com\/es\/wp-json\/wp\/v2\/posts\/262415\/revisions"}],"wp:featuredmedia":[{"embeddable":true,"href":"https:\/\/www.europesays.com\/es\/wp-json\/wp\/v2\/media\/262416"}],"wp:attachment":[{"href":"https:\/\/www.europesays.com\/es\/wp-json\/wp\/v2\/media?parent=262415"}],"wp:term":[{"taxonomy":"category","embeddable":true,"href":"https:\/\/www.europesays.com\/es\/wp-json\/wp\/v2\/categories?post=262415"},{"taxonomy":"post_tag","embeddable":true,"href":"https:\/\/www.europesays.com\/es\/wp-json\/wp\/v2\/tags?post=262415"}],"curies":[{"name":"wp","href":"https:\/\/api.w.org\/{rel}","templated":true}]}}