{"id":262417,"date":"2025-11-29T18:08:11","date_gmt":"2025-11-29T18:08:11","guid":{"rendered":"https:\/\/www.europesays.com\/es\/262417\/"},"modified":"2025-11-29T18:08:11","modified_gmt":"2025-11-29T18:08:11","slug":"michael-b-jordan-confirma-el-creedverso-y-una-nueva-serie-basada-en-una-persona-muy-importante-para-adonis","status":"publish","type":"post","link":"https:\/\/www.europesays.com\/es\/262417\/","title":{"rendered":"Michael B. Jordan confirma el Creedverso y una nueva serie basada en una persona muy importante para Adonis"},"content":{"rendered":"<p class=\"c-paragraph\">\u00bfT\u00fa tambi\u00e9n creciste con las pel\u00edculas de<a href=\"https:\/\/www.hobbyconsolas.com\/hobbycine\/rambo-iii-tuvo-un-momento-tan-inapropiado-que-abucheaban-sylvester-stallone-las-ruedas-prensa_6884021_0.html\" title=\"Rambo III tuvo un momento tan inapropiado que abucheaban a Sylvester Stallone en las ruedas de prensa\" rel=\"nofollow noopener\" target=\"_blank\"> <b>Rocky Balboa<\/b><\/a>? El personaje de<b> <a href=\"https:\/\/www.hobbyconsolas.com\/hobbycine\/sylvester-stallone-revela-tragico-destino-que-iba-tener-rocky-los-planes-originales-creed_6884399_0.html\" title=\"Sylvester Stallone revela el tr\u00e1gico destino que iba a tener Rocky en los planes originales de Creed\" rel=\"nofollow noopener\" target=\"_blank\">Sylvester Stallone<\/a><\/b> marc\u00f3 e inspir\u00f3 a varias generaciones a lo largo de su trayectoria en cines, y pocos pod\u00edan imaginar que <b><a href=\"\">Creed <\/a><\/b>podr\u00eda llegar a hacerle sombra.<\/p>\n<p class=\"c-paragraph\">Sin embargo, <b>Michael B. Jordan<\/b> se meti\u00f3 al p\u00fablico en el bolsillo con sus largometrajes, hasta el punto de prescindir en su tercera pel\u00edcula de Rocky, casi nada. De hecho, <b>Creed III<\/b> fue un aut\u00e9ntico \u00e9xito de taquilla, recaudando la friolera de 276 millones de d\u00f3lares (y eso que cont\u00f3 con un presupuesto de 75 millones, poca broma).<b\/><\/p>\n<p class=\"c-paragraph\">El \u00e9xito de la marca Creed no fue ajeno a las grandes marcas de la industria, por lo que <b>Amazon<\/b>, propietaria de <b>MGM<\/b>, no tard\u00f3 en planear el futuro de la saga. Hablamos, como le gusta decir a Michael B. Jordan, del <b>Creedverso<\/b>.\u00a0\u00a0<\/p>\n<p class=\"c-paragraph\">\u00bfPodr\u00edamos ver series alternativas de Creed en los pr\u00f3ximos a\u00f1os? Que no te quepa la menor duda, y m\u00e1s teniendo en cuenta las \u00faltimas declaraciones del actor protagonista de la franquicia. Aunque muchos ans\u00edan un Creed IV, Jordan ha dejado claro que no le apetece mucho seguir en el ring durante los pr\u00f3ximos 15 a\u00f1os, pero existen otras maneras muy inteligentes de seguir insuflando vida a la saga.\u00a0<\/p>\n<p class=\"c-paragraph\">Por ello no ha dudado en destacar la cantidad de personajes interesantes que han presentado en estos a\u00f1os, as\u00ed como los nuevos que tiene en mente. Para que te hagas una idea, ha mencionado los grandes planes que tienen para la <b>hija de Adonis<\/b>.\u00a0<\/p>\n<p class=\"c-paragraph\">La historia de <b>Amara <\/b>ser\u00e1 uno de los grandes pilares del Creedverso y ser\u00e1 una de las primeras series que estrenar\u00e1 Amazon. De esta forma, aunque Jordan ya no est\u00e9 en el foco principal de la trama, el universo de Creed seguir\u00e1 vivo gracias a las nuevas IP que est\u00e1n planificando.<\/p>\n<p class=\"c-paragraph\">\u00bfC\u00f3mo te has quedado con el futuro de Creed y la serie basada en Amara? \u00bfTe gustar\u00eda que, aparte de estas producciones, tambi\u00e9n se animaran con una nueva entrega cinematogr\u00e1fica?<\/p>\n<p class=\"c-paragraph\">Ya nos comentar\u00e1s qu\u00e9 te parecen estas novedades para con una de las franquicias m\u00e1s queridas del cine. \u00a1Ya queda menos para que vuelva a sonar la campanilla del cuadril\u00e1tero!<\/p>\n","protected":false},"excerpt":{"rendered":"\u00bfT\u00fa tambi\u00e9n creciste con las pel\u00edculas de Rocky Balboa? El personaje de Sylvester Stallone marc\u00f3 e inspir\u00f3 a&hellip;\n","protected":false},"author":2,"featured_media":262418,"comment_status":"","ping_status":"","sticky":false,"template":"","format":"standard","meta":{"footnotes":""},"categories":[169],"tags":[11650,177,1779,146,147,25,24,10006,176,16415,2514,175,23],"class_list":{"0":"post-262417","1":"post","2":"type-post","3":"status-publish","4":"format-standard","5":"has-post-thumbnail","7":"category-cine","8":"tag-b","9":"tag-cine","10":"tag-confirma","11":"tag-entertainment","12":"tag-entretenimiento","13":"tag-es","14":"tag-espana","15":"tag-existencia","16":"tag-film","17":"tag-jordan","18":"tag-michael","19":"tag-movies","20":"tag-spain"},"share_on_mastodon":{"url":"https:\/\/pubeurope.com\/@es\/115634327047833031","error":""},"_links":{"self":[{"href":"https:\/\/www.europesays.com\/es\/wp-json\/wp\/v2\/posts\/262417","targetHints":{"allow":["GET"]}}],"collection":[{"href":"https:\/\/www.europesays.com\/es\/wp-json\/wp\/v2\/posts"}],"about":[{"href":"https:\/\/www.europesays.com\/es\/wp-json\/wp\/v2\/types\/post"}],"author":[{"embeddable":true,"href":"https:\/\/www.europesays.com\/es\/wp-json\/wp\/v2\/users\/2"}],"replies":[{"embeddable":true,"href":"https:\/\/www.europesays.com\/es\/wp-json\/wp\/v2\/comments?post=262417"}],"version-history":[{"count":0,"href":"https:\/\/www.europesays.com\/es\/wp-json\/wp\/v2\/posts\/262417\/revisions"}],"wp:featuredmedia":[{"embeddable":true,"href":"https:\/\/www.europesays.com\/es\/wp-json\/wp\/v2\/media\/262418"}],"wp:attachment":[{"href":"https:\/\/www.europesays.com\/es\/wp-json\/wp\/v2\/media?parent=262417"}],"wp:term":[{"taxonomy":"category","embeddable":true,"href":"https:\/\/www.europesays.com\/es\/wp-json\/wp\/v2\/categories?post=262417"},{"taxonomy":"post_tag","embeddable":true,"href":"https:\/\/www.europesays.com\/es\/wp-json\/wp\/v2\/tags?post=262417"}],"curies":[{"name":"wp","href":"https:\/\/api.w.org\/{rel}","templated":true}]}}