{"id":262419,"date":"2025-11-29T18:09:12","date_gmt":"2025-11-29T18:09:12","guid":{"rendered":"https:\/\/www.europesays.com\/es\/262419\/"},"modified":"2025-11-29T18:09:12","modified_gmt":"2025-11-29T18:09:12","slug":"cronica-y-resultado-del-cultural-leonesa-vs-granada-cf-jornada-16-granada-cf","status":"publish","type":"post","link":"https:\/\/www.europesays.com\/es\/262419\/","title":{"rendered":"Cr\u00f3nica y resultado del Cultural Leonesa vs Granada CF, jornada 16 | Granada CF"},"content":{"rendered":"<p>Triunfo del Granada CF en su visita al Estadio Reino de Le\u00f3n a la<strong> Cultural y Deportiva Leonesa<\/strong>, partido de la jornada 16 de LaLiga Hypermotion. El conjunto granadinista sum\u00f3 los tres puntos merced al gol de <strong>Jorge Pascual <\/strong>en la primera mitad del encuentro.<\/p>\n<p>Para este choque en Le\u00f3n, Pacheta eligi\u00f3 de inicio a Astralaga bajo palos; Oscar Naasei, Manu Lama, L\u00f6ic Williams y Diallo en defensa; Sergio Ruiz, Pedro Alema\u00f1 y Jos\u00e9 Arnaiz en el centro del campo; Alex Sola y Faye por las bandas y Jorge Pascual como hombre m\u00e1s adelantado.<\/p>\n<p>Teniendo bajo control el partido, el Granada abri\u00f3 la lata en el minuto 23 con un gol de Jorge Pascual que llegaba tras un cabezazo de Manu Lama para prolongar un saque de esquina. Intent\u00f3 antes del 40\u2019 doblar la ventaja Arnaiz con un disparo desde la medialuna que se march\u00f3 alto por poco.<\/p>\n<p>Durante el segundo tiempo, el conjunto local trat\u00f3 de buscar la igualada, pero se encontr\u00f3 en varias ocasiones con los guantes de Astralaga. As\u00ed, el encuentro lleg\u00f3 a su final con el 0-1 en el luminoso, otorg\u00e1ndole el triunfo al equipo nazar\u00ed.<br \/>\u00a0<br \/>En la pr\u00f3xima semana, tras visitar al CD Tenerife en la segunda ronda de la Copa del Rey, el Granada CF recibir\u00e1 en el Nuevo Los C\u00e1rmenes a la AD Ceuta, en el encuentro correspondiente a la jornada 17 de LaLiga Hypermotion, el domingo 7 de diciembre a las 21.00 horas.<\/p>\n","protected":false},"excerpt":{"rendered":"Triunfo del Granada CF en su visita al Estadio Reino de Le\u00f3n a la Cultural y Deportiva Leonesa,&hellip;\n","protected":false},"author":2,"featured_media":262420,"comment_status":"","ping_status":"","sticky":false,"template":"","format":"standard","meta":{"footnotes":""},"categories":[93],"tags":[168,25,24,23,167],"class_list":{"0":"post-262419","1":"post","2":"type-post","3":"status-publish","4":"format-standard","5":"has-post-thumbnail","7":"category-deportes","8":"tag-deportes","9":"tag-es","10":"tag-espana","11":"tag-spain","12":"tag-sports"},"share_on_mastodon":{"url":"https:\/\/pubeurope.com\/@es\/115634330956646691","error":""},"_links":{"self":[{"href":"https:\/\/www.europesays.com\/es\/wp-json\/wp\/v2\/posts\/262419","targetHints":{"allow":["GET"]}}],"collection":[{"href":"https:\/\/www.europesays.com\/es\/wp-json\/wp\/v2\/posts"}],"about":[{"href":"https:\/\/www.europesays.com\/es\/wp-json\/wp\/v2\/types\/post"}],"author":[{"embeddable":true,"href":"https:\/\/www.europesays.com\/es\/wp-json\/wp\/v2\/users\/2"}],"replies":[{"embeddable":true,"href":"https:\/\/www.europesays.com\/es\/wp-json\/wp\/v2\/comments?post=262419"}],"version-history":[{"count":0,"href":"https:\/\/www.europesays.com\/es\/wp-json\/wp\/v2\/posts\/262419\/revisions"}],"wp:featuredmedia":[{"embeddable":true,"href":"https:\/\/www.europesays.com\/es\/wp-json\/wp\/v2\/media\/262420"}],"wp:attachment":[{"href":"https:\/\/www.europesays.com\/es\/wp-json\/wp\/v2\/media?parent=262419"}],"wp:term":[{"taxonomy":"category","embeddable":true,"href":"https:\/\/www.europesays.com\/es\/wp-json\/wp\/v2\/categories?post=262419"},{"taxonomy":"post_tag","embeddable":true,"href":"https:\/\/www.europesays.com\/es\/wp-json\/wp\/v2\/tags?post=262419"}],"curies":[{"name":"wp","href":"https:\/\/api.w.org\/{rel}","templated":true}]}}