{"id":262421,"date":"2025-11-29T18:10:11","date_gmt":"2025-11-29T18:10:11","guid":{"rendered":"https:\/\/www.europesays.com\/es\/262421\/"},"modified":"2025-11-29T18:10:11","modified_gmt":"2025-11-29T18:10:11","slug":"un-total-de-1-690-personas-viven-con-infeccion-por-vih-en-navarra","status":"publish","type":"post","link":"https:\/\/www.europesays.com\/es\/262421\/","title":{"rendered":"Un total de 1.690 personas viven con infecci\u00f3n por VIH en Navarra"},"content":{"rendered":"<p class=\"paragraph\">Los<b> avances en el tratamiento antirretroviral han conseguido mejorar la supervivencia de las personas con infecci\u00f3n por VIH <\/b>as\u00ed como su calidad de vida. Pero, a la par, las nuevas infecciones se mantienen por lo que las personas con esta infecci\u00f3n crecen al sumarse los nuevos casos.<\/p>\n<p class=\"paragraph\"><b>A final de 2024 hab\u00eda en Navarra 1.690 personas <\/b>con infecci\u00f3n por VIH diagnosticada, seg\u00fan el \u00faltimo estudio realizado por el Instituto de Salud P\u00fablica de Navarra sobre la Infecci\u00f3n por el VIH y sida en Navarra.<\/p>\n<p class=\"paragraph\">Casi <b>tres de cada cuatro personas afectadas son hombres (<\/b>71%) y un 64% han nacido en Espa\u00f1a. Adem\u00e1s, cabe resaltar que la edad medid de la poblaci\u00f3n que vive con VIH ha ido aumentado y el 71% tienen m\u00e1s de 44 a\u00f1os.<\/p>\n<p class=\"paragraph\">Los expertos destacan que, a pesar de los avances, las personas infectadas por VIH tienen un riesgo mayor de fallecer que el resto sobre todo por sida, intoxicaci\u00f3n por drogas, problemas hep\u00e1ticos, c\u00e1ncer y enfermedades respiratorias y cardiovasculares.<\/p>\n<p class=\"paragraph\">De ah\u00ed la i<b>mportancia de un diagn\u00f3stico temprano <\/b>as\u00ed como de cumplir de forma adecuada el tratamiento y de mantener un estilo de vida saludable<\/p>\n<p class=\"paragraph\">Este lunes, 1 de diciembre, se celebra el <b>D\u00eda Mundial de la Lucha contra el Sida,<\/b> una jornada de informaci\u00f3n y sensibilizaci\u00f3n que este a\u00f1o incide en concienciar sobre la prevenci\u00f3n de las enfermedades de transmisi\u00f3n sexual y la detecci\u00f3n precoz. Tambi\u00e9n en impulsar la educaci\u00f3n afectivo sexual.<\/p>\n<p class=\"paragraph\"><b>LOS CASOS<\/b><\/p>\n<p class=\"paragraph\">Este a\u00f1o, entre enero y septiembre, se han detectado<b> 18 nuevos casos de personas con infecci\u00f3n por VIH<\/b>, una cifra ligeramente inferior a la del a\u00f1o pasado en estas mismas fechas. En este mismo periodo de tiempo se han diagnosticado tres casos de sida frente a 5 en 2024.<\/p>\n<p class=\"paragraph\">Y es que estar infectado por el VIH no significa padecer sida, ya que es la fase m\u00e1s avanzada de la infecci\u00f3n cuando el sistema inmune est\u00e1 m\u00e1s debilitado y comienzan a aparecer las llamadas infecciones oportunistas.<\/p>\n<p class=\"paragraph\">Seg\u00fan Salud P\u00fablica<b>, el n\u00famero de nuevos diagn\u00f3sticos se mantiene \u201crelativamente estable\u201d, con un ligero descenso.<\/b> As\u00ed, el a\u00f1o pasado hubo 33 casos de VIH y ocho de sida. Entre estos \u00faltimos hab\u00eda seis personas que desconoc\u00edan que estaban infectados. El informe de Salud P\u00fablica indica que desde el inicio de la epidemia de sida se han diagnosticado 2.350 infecciones por VIH en personas residentes en Navarra.<\/p>\n<p class=\"c-detail__box__title\"><b>Se estima que hay entre 90 y 120 personas sin diagnosticar<\/b><\/p>\n<p class=\"paragraph\">La infecci\u00f3n por VIH puede permanecer sin s\u00edntomas durante a\u00f1os.Salud P\u00fablica estima que hay entre 90 y 120 personas con infecci\u00f3n por VIH sin diagnosticar frente a las 200 estimadas en 2019.<\/p>\n<p class=\"paragraph\">Sin embargo, se mantiene la preocupaci\u00f3n por los diagn\u00f3sticos tard\u00edos. As\u00ed, cuando el recuento de linfocitos CD4+ es menos de 350 se considera que el diagn\u00f3stico es tard\u00edo y un 53% de los nuevos casos detectados entre 2020 y 2024 se encontraban en esta situaci\u00f3n. De hecho, hubo 27 diagn\u00f3sticos de VIH que coincidieron con el de sida, lo que muestra que no hab\u00eda sospecha hasta que aparecieron s\u00edntomas.<\/p>\n<p class=\"paragraph\">Salud P\u00fablica incide en los beneficios del diagn\u00f3stico temprano ya que cuanto antes se inicia el tratamiento mejor es el pron\u00f3stico y hay menos transmisi\u00f3n.<\/p>\n<p class=\"paragraph\">M\u00e1s de la mitad de las infecciones se detectan en Atenci\u00f3n Primaria aunque hay otras v\u00edas. Hace dos a\u00f1os, Salud y el Colegio de Farmac\u00e9uticos pusieron en marcha un programa para realizar test r\u00e1pidos en farmacias. Se inici\u00f3 con 12 boticas y ahora lo ofrecen 46. As\u00ed, cualquier persona puede acceder a una prueba r\u00e1pida por 5 euros. En el \u00faltimo a\u00f1o se han realizado 89 test en farmacias y no se han detectado positivos. Tambi\u00e9n se pueden hacer pruebas r\u00e1pidas en CASSyR, centros de atenci\u00f3n continuada, servicios de urgencias, Sare y Comisi\u00f3n Ciudadana Antisida.<\/p>\n<p class=\"paragraph\">Junto a esta medida se implemento el programa de profilaxis antes de la exposici\u00f3n (administraci\u00f3n de un antiviral), que est\u00e1 dirigido a personas que mantienen conductas sexuales de riesgo. Actualmente se ofrece a 216 personas.<\/p>\n<p class=\"paragraph\">Tambi\u00e9n se oferta la sustituci\u00f3n de lactancia materna por f\u00f3rmulas adaptadas para evitar la transmisi\u00f3n si la madre es seropositiva. Desde mayo, la dispensaci\u00f3n se realiza a trav\u00e9s del Colegio de Farmac\u00e9uticos y en este tiempo se han entregado 98 envases.<\/p>\n<p class=\"c-detail__box__title\"><b>CLAVES<\/b><br \/>\u200b<b>1. 170 diagn\u00f3sticos de VIH<\/b>. En el \u00faltimo quinquenio, entre 2020 y 2024, se han diagnosticado 170 casos de infecci\u00f3n por VIH.<br \/><b>2. Pr\u00e1cticas de riesgo.<\/b> Las pr\u00e1ctica sexuales de riesgo entre hombres fueron la principal v\u00eda de transmisi\u00f3n (56%) seguida de las pr\u00e1cticas heterosexuales de riesgo (40%). El uso de material no est\u00e9ril para la inyecci\u00f3n de drogas supuso el 1%.<br \/><b>3. 37,4 a\u00f1os<\/b>. La edad media en el diagn\u00f3stico fue de 37,4 a\u00f1os, con un rango de edad de 4 a 64. El 89% de las infecciones tuvo lugar en menores de 55 a\u00f1os y el 35% de nuevos diagn\u00f3sticos fue en menores de 35 a\u00f1os.<br \/><b>4. La mayor\u00eda, varones.<\/b> El 85% de nuevos diagn\u00f3sticos de VIH fue en hombres. Predomina la transmisi\u00f3n por relaciones homosexuales (66%) y pr\u00e1cticas de riesgo heterosexuales (30%).<br \/><b>5. Otros pa\u00edses. <\/b>El 59% de los diagn\u00f3sticos de residentes en Navarra ha sido en personas nacidas en otros pa\u00edses.<br \/><b>6. 69 decesos<\/b>. En el \u00faltimo quinquenio 69 personas que ten\u00edan infecci\u00f3n por VIH fallecieron, 14 en 2024.<\/p>\n","protected":false},"excerpt":{"rendered":"Los avances en el tratamiento antirretroviral han conseguido mejorar la supervivencia de las personas con infecci\u00f3n por VIH&hellip;\n","protected":false},"author":2,"featured_media":262422,"comment_status":"","ping_status":"","sticky":false,"template":"","format":"standard","meta":{"footnotes":""},"categories":[92],"tags":[25,24,165,1373,708,3477,166,23,6877,8037],"class_list":{"0":"post-262421","1":"post","2":"type-post","3":"status-publish","4":"format-standard","5":"has-post-thumbnail","7":"category-salud","8":"tag-es","9":"tag-espana","10":"tag-health","11":"tag-infeccion","12":"tag-navarra","13":"tag-personas","14":"tag-salud","15":"tag-spain","16":"tag-vih","17":"tag-viven"},"share_on_mastodon":{"url":"https:\/\/pubeurope.com\/@es\/115634334813528672","error":""},"_links":{"self":[{"href":"https:\/\/www.europesays.com\/es\/wp-json\/wp\/v2\/posts\/262421","targetHints":{"allow":["GET"]}}],"collection":[{"href":"https:\/\/www.europesays.com\/es\/wp-json\/wp\/v2\/posts"}],"about":[{"href":"https:\/\/www.europesays.com\/es\/wp-json\/wp\/v2\/types\/post"}],"author":[{"embeddable":true,"href":"https:\/\/www.europesays.com\/es\/wp-json\/wp\/v2\/users\/2"}],"replies":[{"embeddable":true,"href":"https:\/\/www.europesays.com\/es\/wp-json\/wp\/v2\/comments?post=262421"}],"version-history":[{"count":0,"href":"https:\/\/www.europesays.com\/es\/wp-json\/wp\/v2\/posts\/262421\/revisions"}],"wp:featuredmedia":[{"embeddable":true,"href":"https:\/\/www.europesays.com\/es\/wp-json\/wp\/v2\/media\/262422"}],"wp:attachment":[{"href":"https:\/\/www.europesays.com\/es\/wp-json\/wp\/v2\/media?parent=262421"}],"wp:term":[{"taxonomy":"category","embeddable":true,"href":"https:\/\/www.europesays.com\/es\/wp-json\/wp\/v2\/categories?post=262421"},{"taxonomy":"post_tag","embeddable":true,"href":"https:\/\/www.europesays.com\/es\/wp-json\/wp\/v2\/tags?post=262421"}],"curies":[{"name":"wp","href":"https:\/\/api.w.org\/{rel}","templated":true}]}}