{"id":262423,"date":"2025-11-29T18:11:08","date_gmt":"2025-11-29T18:11:08","guid":{"rendered":"https:\/\/www.europesays.com\/es\/262423\/"},"modified":"2025-11-29T18:11:08","modified_gmt":"2025-11-29T18:11:08","slug":"tania-llasera-y-juan-gomez-jurado-abren-la-caja-de-sus-miedos","status":"publish","type":"post","link":"https:\/\/www.europesays.com\/es\/262423\/","title":{"rendered":"Tania Llasera y Juan G\u00f3mez-Jurado abren la caja de sus miedos"},"content":{"rendered":"<p>Los <strong>miedos<\/strong> forman parte de la vida desde que somos peque\u00f1os. Primero tememos a los desconocidos, luego a la oscuridad, m\u00e1s tarde al rechazo, al fracaso o a no estar a la altura. Son respuestas que nos protegen, pero cuando crecen sin control pueden convertirse en sombras que nos acompa\u00f1an muchos a\u00f1os. Y en la <strong>crianza<\/strong>, nuestros miedos pueden contagiarse a nuestros <strong>hijos<\/strong>, influyendo en c\u00f3mo exploran el mundo, c\u00f3mo afrontan los riesgos y c\u00f3mo construyen su autoestima. <\/p>\n<p>En Se hace lo que se puede, <strong>Gemma Nierga<\/strong> abre la conversaci\u00f3n desde una nave industrial vac\u00eda, un escenario que simboliza esos rincones donde solemos guardar nuestros<strong> temores<\/strong>. Y all\u00ed se encuentra con <strong>Tania Llasera<\/strong> y <strong>Juan G\u00f3mez-Jurado<\/strong>, dos protagonistas que convierten sus miedos en una br\u00fajula para entender la crianza y la vida adulta.<\/p>\n<p>Juan G\u00f3mez-Jurado: el miedo a no ser suficiente<\/p>\n<p>El escritor confiesa vivir \u201ccon miedo a todo\u201d: a los coches, a las facturas, hasta al propio clima. Pero hay uno que pesa m\u00e1s: el miedo a no ser suficiente. A los 30 a\u00f1os descubri\u00f3 que era adoptado, un hallazgo que reabri\u00f3 la herida del abandono y lo acompa\u00f1\u00f3 en su vida adulta. En lo profesional tambi\u00e9n convive con ese v\u00e9rtigo: \u201cEscribir es vivir con miedo y cuanto mejor te va, m\u00e1s miedo tienes\u201d. Su peor pesadilla, dice, es quedarse sin nada que contar. <strong>Como padre de dos adolescentes,<\/strong> cuenta que su hijo mayor siempre ha sido un ni\u00f1o valiente, mientras que el peque\u00f1o \u2014m\u00e1s parecido a \u00e9l\u2014 comparte muchos de sus propios temores: no estar a la altura, que las cosas no salgan como uno espera o incluso el miedo al fracaso.<\/p>\n<p>Tania Llasera, una mujer valiente<\/p>\n<p><strong>Tania Llasera<\/strong> asegura que nunca ha tenido <strong>miedo a nada<\/strong> y que siempre ha sido una persona valiente, pero reconoce que la maternidad le despert\u00f3 temores que jam\u00e1s hab\u00eda sentido: el cl\u00e1sico miedo a que les pase algo a sus hijos. Madre de una ni\u00f1a de 7 a\u00f1os y de un ni\u00f1o de 8, cuenta que su hija es intr\u00e9pida y se lanza sin pensarlo, mientras que su hijo es mucho m\u00e1s prudente\u2026 Tanto que en casa le llaman cari\u00f1osamente<strong> \u201cPrucendio Segurolas\u201d <\/strong>por lo precavido que es.<\/p>\n<p>El miedo es necesario<\/p>\n<p>Seg\u00fan la psic\u00f3loga <strong>Bego\u00f1a Ibarrola<\/strong>, <strong>el miedo es una emoci\u00f3n imprescindible para la supervivencia<\/strong>, pero necesita ser comprendido y acompa\u00f1ado para que no se enquiste. El neuropsic\u00f3logo \u00c1lvaro Bilbao insiste en que cuando los adultos educan desde el miedo \u2014ya sea a trav\u00e9s del autoritarismo o de la exigencia extrema\u2014 los ni\u00f1os aprenden a reprimir qui\u00e9nes son y pueden acabar<strong> desarrollando inseguridad <\/strong>o incluso mentiras para evitar el castigo. La pedagoga Mar\u00eda Velasco recuerda que los miedos cambian seg\u00fan la edad, desde los monstruos y la oscuridad en los primeros a\u00f1os hasta el <strong>rechazo social <\/strong>en la preadolescencia. Y el fil\u00f3sofo Jos\u00e9 Antonio Marina subraya que l<strong>a misi\u00f3n de las familias es ayudar a que esos miedos no se conviertan en barreras emocionales<\/strong>, sino en oportunidades para construir seguridad interior.<\/p>\n","protected":false},"excerpt":{"rendered":"Los miedos forman parte de la vida desde que somos peque\u00f1os. Primero tememos a los desconocidos, luego a&hellip;\n","protected":false},"author":2,"featured_media":262424,"comment_status":"","ping_status":"","sticky":false,"template":"","format":"standard","meta":{"footnotes":""},"categories":[91],"tags":[146,147,25,24,23],"class_list":{"0":"post-262423","1":"post","2":"type-post","3":"status-publish","4":"format-standard","5":"has-post-thumbnail","7":"category-entretenimiento","8":"tag-entertainment","9":"tag-entretenimiento","10":"tag-es","11":"tag-espana","12":"tag-spain"},"share_on_mastodon":{"url":"https:\/\/pubeurope.com\/@es\/115634338888717307","error":""},"_links":{"self":[{"href":"https:\/\/www.europesays.com\/es\/wp-json\/wp\/v2\/posts\/262423","targetHints":{"allow":["GET"]}}],"collection":[{"href":"https:\/\/www.europesays.com\/es\/wp-json\/wp\/v2\/posts"}],"about":[{"href":"https:\/\/www.europesays.com\/es\/wp-json\/wp\/v2\/types\/post"}],"author":[{"embeddable":true,"href":"https:\/\/www.europesays.com\/es\/wp-json\/wp\/v2\/users\/2"}],"replies":[{"embeddable":true,"href":"https:\/\/www.europesays.com\/es\/wp-json\/wp\/v2\/comments?post=262423"}],"version-history":[{"count":0,"href":"https:\/\/www.europesays.com\/es\/wp-json\/wp\/v2\/posts\/262423\/revisions"}],"wp:featuredmedia":[{"embeddable":true,"href":"https:\/\/www.europesays.com\/es\/wp-json\/wp\/v2\/media\/262424"}],"wp:attachment":[{"href":"https:\/\/www.europesays.com\/es\/wp-json\/wp\/v2\/media?parent=262423"}],"wp:term":[{"taxonomy":"category","embeddable":true,"href":"https:\/\/www.europesays.com\/es\/wp-json\/wp\/v2\/categories?post=262423"},{"taxonomy":"post_tag","embeddable":true,"href":"https:\/\/www.europesays.com\/es\/wp-json\/wp\/v2\/tags?post=262423"}],"curies":[{"name":"wp","href":"https:\/\/api.w.org\/{rel}","templated":true}]}}