{"id":262427,"date":"2025-11-29T18:14:08","date_gmt":"2025-11-29T18:14:08","guid":{"rendered":"https:\/\/www.europesays.com\/es\/262427\/"},"modified":"2025-11-29T18:14:08","modified_gmt":"2025-11-29T18:14:08","slug":"afd-refunda-su-organizacion-juvenil-como-generacion-alemania","status":"publish","type":"post","link":"https:\/\/www.europesays.com\/es\/262427\/","title":{"rendered":"AfD refunda su organizaci\u00f3n juvenil como &#8216;Generaci\u00f3n Alemania&#8217;"},"content":{"rendered":"<p>El partido de ultraderecha Alternativa para Alemania (AfD) ha refundado este s\u00e1bado su organizaci\u00f3n juvenil, bautizada ahora como &#8216;<strong>Generaci\u00f3n Alemania<\/strong>&#8216;, tras la disoluci\u00f3n el pasado mes de marzo de su predecesora, la &#8216;Joven Alternativa&#8217; (JA), que fue catalogada como \u00abcaso seguro de extremismo de derechas\u00bb.<\/p>\n<p>La jornada ha estado marcada por manifestaciones de protesta con miles de asistentes que han dejado algunas <strong>im\u00e1genes violentas<\/strong>, <strong>varios detenidos<\/strong> y <strong>diez agentes heridos<\/strong> en enfrentamientos.<\/p>\n<p>Cientos de manifestantes encienden bengalas durante una protesta matutina contra la convenci\u00f3n de AfD\u00a0Sascha Schuermann \/ AFP<\/p>\n<p>La ciudad de <strong>Giessen<\/strong>, en el oeste alem\u00e1n, ha acogido el congreso en un clima tenso y con un gran dispositivo policial. Las movilizaciones, que incluyeron tentativas de impedir el tr\u00e1fico rodado en la ciudad, obligaron a AfD a i<strong>niciar su congreso con dos horas y cuarto de retraso<\/strong>, puesto que en lugar de comenzar a las 10:00 lo hizo a las 12:15.<\/p>\n<p>Esas acciones de protesta no han impedido que se funde la nueva organizaci\u00f3n juvenil de AfD ni la elecci\u00f3n de su nuevo presidente. <strong>Jean-Pascal Hohm<\/strong>, diputado regional de AfD en Brandeburgo, de 28 a\u00f1os, ha sido elegido responsable de la nueva organizaci\u00f3n con un 90,43% de los votos de los delegados.<\/p>\n<p>La gente bloquea una autopista para impedir la fundaci\u00f3n de una nueva organizaci\u00f3n juvenil de AfD en Giessen\u00a0REUTERS\/Christian Mang<\/p>\n<p>\u00abLa generaci\u00f3n buena\u00bb<\/p>\n<p>El copresidente de AfD ha querido diferenciar a sus militantes con los protestantes diciendo que en Alemania \u00abhay algo que no va bien, y por eso es importante fundar aqu\u00ed y hoy la Generaci\u00f3n Alemania, la generaci\u00f3n buena\u00bb, aludiendo a las movilizaciones de rechazo a su organizaci\u00f3n.<\/p>\n<p>La edici\u00f3n digital del semanario &#8216;Focus&#8217; ha recogido escenas de un v\u00eddeo en el que, supuestamente, Schmidt, de 35 a\u00f1os y diputado de la circunscripci\u00f3n de Marburgo (oeste), se enfrenta a un grupo de personas que llevaban el rostro cubierto. Esa es una de las im\u00e1genes violentas del d\u00eda, marcado por las movilizaciones contra AfD, que en su mayor\u00eda se desarrollaron sin incidentes.<\/p>\n<p>Miles de manifestantes se re\u00fanen en Giesen contra AfD\u00a0Michael Brandt\/dpa via AP<\/p>\n<p>La mayor de esas manifestaciones, en la que participaba la Federaci\u00f3n Alemana de Sindicatos (DGB), reuni\u00f3 a 20.000 personas, seg\u00fan recoge el diario &#8216;Bild&#8217;. En su primer balance, la Polic\u00eda cont\u00f3, en total, <strong>entre 25.000 y 30.000 personas en las calles de Giessen<\/strong>.<\/p>\n<p>Esas protestas, seg\u00fan explica a EFE Kilian Hempe, investigador de la Universidad de Constanza, sirven para mostrar que \u00ab<strong>la sociedad civil es m\u00e1s numerosa que el extremismo de derechas<\/strong>\u00ab, pero tambi\u00e9n permiten a AfD \u00ab<strong>jugar el papel de v\u00edctima<\/strong>\u00ab.<\/p>\n<p>Activistas se enfrentan con miembros de la polic\u00eda durante una protesta para bloquear la fundaci\u00f3n de la nueva organizaci\u00f3n juvenil de AfD, en Giessen\u00a0REUTERS \/ Christian Mang<\/p>\n<p>AfD se separ\u00f3 oficialmente de la JA en enero, cuando parec\u00eda inevitable que los cachorros del partido iban a ser catalogados como \u00abcaso seguro de extremismo de derechas\u00bb por la Oficina Federal para la Protecci\u00f3n de la Constituci\u00f3n (BfV), nombre que reciben en Alemania los servicios de inteligencia del Ministerio del Interior. <\/p>\n<p>Tras la desaparici\u00f3n de la JA, AfD busc\u00f3 formar una nueva agrupaci\u00f3n para poder organizar a sus j\u00f3venes, algo de lo que se ocupar\u00e1 ahora, entre otras cosas, la \u00abGeneraci\u00f3n Alemania\u00bb.<\/p>\n","protected":false},"excerpt":{"rendered":"El partido de ultraderecha Alternativa para Alemania (AfD) ha refundado este s\u00e1bado su organizaci\u00f3n juvenil, bautizada ahora como&hellip;\n","protected":false},"author":2,"featured_media":262428,"comment_status":"","ping_status":"","sticky":false,"template":"","format":"standard","meta":{"footnotes":""},"categories":[42],"tags":[17,18,13,14,11,61,62,63,64,19,20,9,10,15,16,12,21,22,65,66,67],"class_list":{"0":"post-262427","1":"post","2":"type-post","3":"status-publish","4":"format-standard","5":"has-post-thumbnail","7":"category-internacional","8":"tag-breaking-news","9":"tag-breakingnews","10":"tag-featured-news","11":"tag-featurednews","12":"tag-headlines","13":"tag-internacional","14":"tag-international","15":"tag-international-news","16":"tag-internationalnews","17":"tag-latest-news","18":"tag-latestnews","19":"tag-news","20":"tag-noticias","21":"tag-noticias-destacadas","22":"tag-noticiasdestacadas","23":"tag-titulares","24":"tag-ultimas-noticias","25":"tag-ultimasnoticias","26":"tag-world","27":"tag-world-news","28":"tag-worldnews"},"share_on_mastodon":{"url":"https:\/\/pubeurope.com\/@es\/115634350685688131","error":""},"_links":{"self":[{"href":"https:\/\/www.europesays.com\/es\/wp-json\/wp\/v2\/posts\/262427","targetHints":{"allow":["GET"]}}],"collection":[{"href":"https:\/\/www.europesays.com\/es\/wp-json\/wp\/v2\/posts"}],"about":[{"href":"https:\/\/www.europesays.com\/es\/wp-json\/wp\/v2\/types\/post"}],"author":[{"embeddable":true,"href":"https:\/\/www.europesays.com\/es\/wp-json\/wp\/v2\/users\/2"}],"replies":[{"embeddable":true,"href":"https:\/\/www.europesays.com\/es\/wp-json\/wp\/v2\/comments?post=262427"}],"version-history":[{"count":0,"href":"https:\/\/www.europesays.com\/es\/wp-json\/wp\/v2\/posts\/262427\/revisions"}],"wp:featuredmedia":[{"embeddable":true,"href":"https:\/\/www.europesays.com\/es\/wp-json\/wp\/v2\/media\/262428"}],"wp:attachment":[{"href":"https:\/\/www.europesays.com\/es\/wp-json\/wp\/v2\/media?parent=262427"}],"wp:term":[{"taxonomy":"category","embeddable":true,"href":"https:\/\/www.europesays.com\/es\/wp-json\/wp\/v2\/categories?post=262427"},{"taxonomy":"post_tag","embeddable":true,"href":"https:\/\/www.europesays.com\/es\/wp-json\/wp\/v2\/tags?post=262427"}],"curies":[{"name":"wp","href":"https:\/\/api.w.org\/{rel}","templated":true}]}}