{"id":262429,"date":"2025-11-29T18:15:10","date_gmt":"2025-11-29T18:15:10","guid":{"rendered":"https:\/\/www.europesays.com\/es\/262429\/"},"modified":"2025-11-29T18:15:10","modified_gmt":"2025-11-29T18:15:10","slug":"muere-el-expresident-de-la-generalitat-valenciana-jose-luis-olivas","status":"publish","type":"post","link":"https:\/\/www.europesays.com\/es\/262429\/","title":{"rendered":"Muere el expresident de la Generalitat Valenciana Jos\u00e9 Luis Olivas"},"content":{"rendered":"<p class=\"L6-news-detail__text\">El expresident de la Generalitat Valenciana Jos\u00e9 Luis Olivas ha fallecido a los 73 a\u00f1os, seg\u00fan ha confirmado la administraci\u00f3n auton\u00f3mica, que<b> ha expresado su \u00abm\u00e1s sincero p\u00e9same\u00bb<\/b> por la muerte del pol\u00edtico.<\/p>\n<p class=\"L6-news-detail__text\">\u00ab<b>Acompa\u00f1amos en el dolor a su familia<\/b>, amigos y allegados\u00bb, ha manifestado la Generalitat en un mensaje publicado su perfil en la red social X.<\/p>\n<p class=\"L6-news-detail__text\">Olivas, nacido en Motilla del Palancar (Cuenca) en 1952, fue president de la Generalitat Valenciana <b>entre julio de 2002 y junio de 2003<\/b>,<b> tras la salida de Eduardo Zaplana<\/b> hacia el Ministerio de Econom\u00eda.<\/p>\n<p class=\"L6-news-detail__text\">Asimismo, ocup\u00f3 otros cargos en el Ejecutivo valenciano, como vicepresidente primero entre 1999 y 2002 y conseller de Econom\u00eda y Hacienda desde 1995 hasta 1999, adem\u00e1s de ser diputado en Les Corts Valencianes entre 1995 y 2003. Sin embargo, tras las elecciones del 25 de mayo de 2003, Olivas abandon\u00f3 la pol\u00edtica activa.<\/p>\n<p class=\"L6-news-detail__text\">Su carrera estuvo tambi\u00e9n<b> muy vinculada al \u00e1mbito econ\u00f3mico<\/b>, ya que ocup\u00f3 altos cargos en instituciones econ\u00f3micas valencianas como el Instituto Valenciano de Finanzas y el Instituto Valenciano de Investigaciones Econ\u00f3micas.<\/p>\n<p class=\"L6-news-detail__text\">M\u00e1s tarde, pas\u00f3 al sector financiero, llegando a ser<b> presidente de Bancaja<\/b> en enero de 2004 <b>y del Banco de Valencia<\/b>, as\u00ed como <b>vicepresidente de Bankia<\/b>.<\/p>\n<p class=\"L6-news-detail__text\">El fallecimiento de Jos\u00e9 Luis Olivas, que ha adelantado el diario &#8216;Las Provincias&#8217;, se conoce justo en el d\u00eda en el que el Bolet\u00edn Oficial de Estado publica el <b>nombramiento de un nuevo president<\/b>, <b>Juanfran P\u00e9rez Llorca<\/b>.<\/p>\n<p class=\"L6-news-detail__text\">Jos\u00e9 Luis Olivas fue el tercer president de la Generalitat Valenciana, tras Joan Lerma y Eduardo Zaplana. Despu\u00e9s de \u00e9l, accedieron al Palau Francisco Camps, Alberto <b>Fabra, Ximo Puig y Carlos Maz\u00f3n<\/b>.<\/p>\n<p class=\"L6-news-detail__text\"><b><a title=\"*Sigue a laSexta en Google. Toda la actualidad y el mejor contenido aqu\u00ed.\" href=\"https:\/\/profile.google.com\/cp\/CgkvbS8wZG5xejA\" target=\"_blank\" rel=\"nofollow noopener\">*Sigue a laSexta en Google. Toda la actualidad y el mejor contenido aqu\u00ed.<\/a><\/b><\/p>\n<p class=\"L6-support-news-video__title\">\u00daltima hora<\/p>\n<p>            <a href=\"https:\/\/www.lasexta.com\/noticias\/nacional\/abalos-koldo-supremo-directo-exministro-mano-derecha-enfrentan-entrar-prision_202511276927f84e55584d48fb5f025c.html\" class=\"L6-news__link\" rel=\"nofollow noopener\" target=\"_blank\"><br \/>\n                \u00daltima hora tras la prisi\u00f3n a \u00c1balos y Koldo, en directo | D\u00edaz acusa a Feij\u00f3o de perder toda \u00abcredibilidad\u00bb por llamar a los empresarios a \u00abderribar\u00bb al Gobierno<\/p>\n<p class=\"recirculation-video-desc\">Los detalles \u00abLe quiero mandar un mensaje al se\u00f1or Feij\u00f3o. En Espa\u00f1a mandan los ciudadanos y las ciudadanas votando, no mandan las \u00e9lites empresariales\u00bb, ha indicado la vicepresidenta segunda en una rueda de prensa.<\/p>\n<p>            <\/a><\/p>\n","protected":false},"excerpt":{"rendered":"El expresident de la Generalitat Valenciana Jos\u00e9 Luis Olivas ha fallecido a los 73 a\u00f1os, seg\u00fan ha confirmado&hellip;\n","protected":false},"author":2,"featured_media":262430,"comment_status":"","ping_status":"","sticky":false,"template":"","format":"standard","meta":{"footnotes":""},"categories":[8],"tags":[17,18,25,24,13,14,11,19,20,9,10,15,16,23,12,21,22],"class_list":{"0":"post-262429","1":"post","2":"type-post","3":"status-publish","4":"format-standard","5":"has-post-thumbnail","7":"category-espana","8":"tag-breaking-news","9":"tag-breakingnews","10":"tag-es","11":"tag-espana","12":"tag-featured-news","13":"tag-featurednews","14":"tag-headlines","15":"tag-latest-news","16":"tag-latestnews","17":"tag-news","18":"tag-noticias","19":"tag-noticias-destacadas","20":"tag-noticiasdestacadas","21":"tag-spain","22":"tag-titulares","23":"tag-ultimas-noticias","24":"tag-ultimasnoticias"},"share_on_mastodon":{"url":"https:\/\/pubeurope.com\/@es\/115634354534775917","error":""},"_links":{"self":[{"href":"https:\/\/www.europesays.com\/es\/wp-json\/wp\/v2\/posts\/262429","targetHints":{"allow":["GET"]}}],"collection":[{"href":"https:\/\/www.europesays.com\/es\/wp-json\/wp\/v2\/posts"}],"about":[{"href":"https:\/\/www.europesays.com\/es\/wp-json\/wp\/v2\/types\/post"}],"author":[{"embeddable":true,"href":"https:\/\/www.europesays.com\/es\/wp-json\/wp\/v2\/users\/2"}],"replies":[{"embeddable":true,"href":"https:\/\/www.europesays.com\/es\/wp-json\/wp\/v2\/comments?post=262429"}],"version-history":[{"count":0,"href":"https:\/\/www.europesays.com\/es\/wp-json\/wp\/v2\/posts\/262429\/revisions"}],"wp:featuredmedia":[{"embeddable":true,"href":"https:\/\/www.europesays.com\/es\/wp-json\/wp\/v2\/media\/262430"}],"wp:attachment":[{"href":"https:\/\/www.europesays.com\/es\/wp-json\/wp\/v2\/media?parent=262429"}],"wp:term":[{"taxonomy":"category","embeddable":true,"href":"https:\/\/www.europesays.com\/es\/wp-json\/wp\/v2\/categories?post=262429"},{"taxonomy":"post_tag","embeddable":true,"href":"https:\/\/www.europesays.com\/es\/wp-json\/wp\/v2\/tags?post=262429"}],"curies":[{"name":"wp","href":"https:\/\/api.w.org\/{rel}","templated":true}]}}