{"id":262431,"date":"2025-11-29T18:16:13","date_gmt":"2025-11-29T18:16:13","guid":{"rendered":"https:\/\/www.europesays.com\/es\/262431\/"},"modified":"2025-11-29T18:16:13","modified_gmt":"2025-11-29T18:16:13","slug":"luces-de-navidad-navidad-2025","status":"publish","type":"post","link":"https:\/\/www.europesays.com\/es\/262431\/","title":{"rendered":"Luces de Navidad \u2014 Navidad 2025"},"content":{"rendered":"<p>Encendido del alumbrado navide\u00f1o<\/p>\n<p style=\"text-align: center;\">\u00a0<\/p>\n<p>El s\u00e1bado 29 de noviembre de 2025, tendr\u00e1 lugar el encendido de la iluminaci\u00f3n navide\u00f1a con un espect\u00e1culo en la Avenida de la Constituci\u00f3n desde las 17:30 horas en el que actuar\u00e1 la Banda Municipal, coros navide\u00f1os y Pastora Soler. Los ni\u00f1os de la Fundaci\u00f3n Alal\u00e1 ser\u00e1n los encargados de encender este a\u00f1o las luces de Navidad.<\/p>\n<p>Las luces de Navidad<\/p>\n<p>Esta Navidad Sevilla va a contar con la mayor iluminaci\u00f3n de su historia de Sevilla, <strong>m\u00e1s de 9 millones de leds, m\u00e1s d\u00edas, m\u00e1s calles y plazas iluminadas, 304, 10 m\u00e1s que el a\u00f1o pasado<\/strong>, e importantes novedades, que van a llenar de luz y magia las calles de nuestra ciudad.<\/p>\n<p>Y con importantes novedades:<\/p>\n<ul>\n<li>La Avenida de la Constituci\u00f3n se va a convertir en la Avenida de la Navidad.<\/li>\n<li>El Bel\u00e9n gigante de San Telmo.<\/li>\n<li>La canalizaci\u00f3n del tendido a\u00e9reo de la Plaza de San Francisco, que eliminar\u00e1 contaminaci\u00f3n visual en el espect\u00e1culo de luces y sonido.<\/li>\n<li>La iluminaci\u00f3n por primera en la historia a la barriada de El Gordillo.<\/li>\n<li>Calles nuevas: Jardines del Cristina, Enramadilla, Luis de Morales (en 2011 se coloc\u00f3 algo de alumbrado de Navidad en Luis de Morales. Pero nunca se ha vuelto a colocar hasta ahora. 14 a\u00f1os despu\u00e9s, se vuelve a iluminar esta calle); Avenida San Francisco Javier, Plaza San Marcos , Plaza San Lorenzo, Avenida de la Paz, calle Maestro Arrieta, calle Torcuato Luca de Tena (frente a hospital infantil); adem\u00e1s cortinas en fachadas Plaza San Francisco y fachada edificio Laredo.<\/li>\n<\/ul>\n<p>Una iluminaci\u00f3n en la que se ha invertido cerca de dos millones de euros (368 143,45 euros m\u00e1s que en 2024 \u2014un 18,5 % m\u00e1s\u2014), que har\u00e1n posible que Sevilla cuente con la mayor iluminaci\u00f3n de su historia.<\/p>\n<p>El horario del encendido ser\u00e1 desde las 18:30 a las 00:00 horas y los d\u00edas especiales como el 24 y 31 de diciembre y 5 de enero, se ampliar\u00e1 una hora m\u00e1s; hasta la 1:00 h.<\/p>\n<p>\u00a0<\/p>\n<p>Avenida de la Constituci\u00f3n<\/p>\n<p>Por primera vez la Avenida de la Constituci\u00f3n va a contar con elementos decorativos de suelo con dise\u00f1o en tres dimensiones.<\/p>\n<p>Se trata de 32 \u00e1rboles luminosos de grandes dimensiones a ambos m\u00e1rgenes de la calle de 7,60 metros de altura que ir\u00e1n acompa\u00f1ados de 17 bolas de navidad con motivos transversales a\u00e9reos y de otros 42 motivos sobre las farolas.<strong>\u00a0 \u00a0 \u00a0 \u00a0\u00a0<\/strong><\/p>\n<p>Se han fabricado motivos de nueva creaci\u00f3n para las calles Sierpes, Tetu\u00e1n, Vela\u0301zquez, Imagen, Laran\u0303a, Campana, Alfonso XII, Plaza del Salvador y Asuncio\u0301n.<\/p>\n<p><strong>Tambi\u00e9n ir\u00e1n nuevos dise\u00f1os instalados en los Puentes de Triana, San Telmo y Los Remedios<\/strong>. (Puente de San Telmo se iluminar\u00e1 a la mitad por las obras de instalaci\u00f3n de toldos que requiere un refuerzo y obras de mejora de infraestructura del puente por lo que es necesario que se inicien ya para poder tener sombra en torno al mes de abril).<\/p>\n<p>Algunos de los dise\u00f1os nuevos ser\u00e1n tipo cortinas de luz en fachadas, s\u00e1banas de luz en calles, bolas 3D, y nuevos motivos en las tradicionales luces.<strong>\u00a0<\/strong><\/p>\n<p>Adem\u00e1s incorporamos los dise\u00f1os realizados por Marta, \u00c1lvaro y Aisha, los ni\u00f1os ganadores del concurso escolar que han servido como base para crear nuevas piezas de iluminaci\u00f3n, que ir\u00e1n en la calle Betis, Jos\u00e9 Mar\u00eda de Pereda y Francisco Carrera Iglesias \u2018Paquili\u2019, y en la Plaza Miguel de Unamuno.<\/p>\n<p style=\"text-align: center;\">\n<p>Bel\u00e9n de San Telmo<\/p>\n<p>Tambi\u00e9n, Sevilla estrena un Bel\u00e9n gigante en la Avenida de Roma, a los pies del Palacio de San Telmo. Un nacimiento de grandes dimensiones que alcanza los 9,80 metros en la figura de San Jos\u00e9 y los 5,10 metros del buey (incluyendo la tarima de 0,8 metros). Todo ellos iluminados con leds c\u00e1lidos.<\/p>\n<p>\u00a0<\/p>\n<p>80 000 plantas ornamentales<\/p>\n<p>Junto a la iluminaci\u00f3n, la ciudad se embellecer\u00e1 durante la Navidad gracias a las cerca de 80 000 plantas ornamentales que va a colocar Parques y Jardines adem\u00e1s de 14 estructuras florales, situado todo esto en 80 ubicaciones entre glorietas, fuentes y bulevares.<\/p>\n<p>A esto que hay que sumarle el tradicional Bel\u00e9n del que todos los a\u00f1os se instala en el arquillo del Ayuntamiento, que este a\u00f1o correr\u00e1 a cargo de la Asociaci\u00f3n de Belenistas de Sevilla.<\/p>\n<p style=\"text-align: center;\"><img decoding=\"async\" src=\"https:\/\/www.europesays.com\/es\/wp-content\/uploads\/2025\/11\/ad077ad4-1755-43eb-9615-4fc3758bdd20.jpeg\" data-linktype=\"image\" title=\"WhatsApp Image 2024-11-25 at 14.27.01.jpeg\" data-val=\"85129ed63d5747c8b289565386caff36\" data-scale=\"large\" alt=\"WhatsApp Image 2024-11-25 at 14.27.01.jpeg\" class=\"image-inline\"\/><\/p>\n","protected":false},"excerpt":{"rendered":"Encendido del alumbrado navide\u00f1o \u00a0 El s\u00e1bado 29 de noviembre de 2025, tendr\u00e1 lugar el encendido de la&hellip;\n","protected":false},"author":2,"featured_media":262432,"comment_status":"","ping_status":"","sticky":false,"template":"","format":"standard","meta":{"footnotes":""},"categories":[5],"tags":[17,18,25,24,13,14,11,19,20,9,10,15,16,23,12,21,22],"class_list":{"0":"post-262431","1":"post","2":"type-post","3":"status-publish","4":"format-standard","5":"has-post-thumbnail","7":"category-titulares","8":"tag-breaking-news","9":"tag-breakingnews","10":"tag-es","11":"tag-espana","12":"tag-featured-news","13":"tag-featurednews","14":"tag-headlines","15":"tag-latest-news","16":"tag-latestnews","17":"tag-news","18":"tag-noticias","19":"tag-noticias-destacadas","20":"tag-noticiasdestacadas","21":"tag-spain","22":"tag-titulares","23":"tag-ultimas-noticias","24":"tag-ultimasnoticias"},"share_on_mastodon":{"url":"https:\/\/pubeurope.com\/@es\/115634358691376687","error":""},"_links":{"self":[{"href":"https:\/\/www.europesays.com\/es\/wp-json\/wp\/v2\/posts\/262431","targetHints":{"allow":["GET"]}}],"collection":[{"href":"https:\/\/www.europesays.com\/es\/wp-json\/wp\/v2\/posts"}],"about":[{"href":"https:\/\/www.europesays.com\/es\/wp-json\/wp\/v2\/types\/post"}],"author":[{"embeddable":true,"href":"https:\/\/www.europesays.com\/es\/wp-json\/wp\/v2\/users\/2"}],"replies":[{"embeddable":true,"href":"https:\/\/www.europesays.com\/es\/wp-json\/wp\/v2\/comments?post=262431"}],"version-history":[{"count":0,"href":"https:\/\/www.europesays.com\/es\/wp-json\/wp\/v2\/posts\/262431\/revisions"}],"wp:featuredmedia":[{"embeddable":true,"href":"https:\/\/www.europesays.com\/es\/wp-json\/wp\/v2\/media\/262432"}],"wp:attachment":[{"href":"https:\/\/www.europesays.com\/es\/wp-json\/wp\/v2\/media?parent=262431"}],"wp:term":[{"taxonomy":"category","embeddable":true,"href":"https:\/\/www.europesays.com\/es\/wp-json\/wp\/v2\/categories?post=262431"},{"taxonomy":"post_tag","embeddable":true,"href":"https:\/\/www.europesays.com\/es\/wp-json\/wp\/v2\/tags?post=262431"}],"curies":[{"name":"wp","href":"https:\/\/api.w.org\/{rel}","templated":true}]}}