{"id":262435,"date":"2025-11-29T18:24:09","date_gmt":"2025-11-29T18:24:09","guid":{"rendered":"https:\/\/www.europesays.com\/es\/262435\/"},"modified":"2025-11-29T18:24:09","modified_gmt":"2025-11-29T18:24:09","slug":"igualar-a-georgia-en-intensidad-no-es-suficiente-hay-que-superarles","status":"publish","type":"post","link":"https:\/\/www.europesays.com\/es\/262435\/","title":{"rendered":"Igualar a Georgia en intensidad no es suficiente, hay que superarles"},"content":{"rendered":"<p data-mrf-recirculation=\"Links P\u00e1rrafos\" class=\"ue-c-article__paragraph paragraph ue-c-article--first-letter-highlighted\">Chus Mateo compareci\u00f3 este s\u00e1bado ante los medios de comunicaci\u00f3n para analizar el encuentro de este domingo frente a Georgia, el segundo de esta Ventana FIBA de clasificaci\u00f3n para el Mundial de Catar en 2027. La baja de Jaime Fern\u00e1ndez, la presencia de Gio Shermadini y Tornike Shengelia en el rival, la dureza georgiana y el recuerdo de la derrota en el Eurobasket&#8230;<\/p>\n<p>Sensaciones positivas en Dinamarca<\/p>\n<p data-mrf-recirculation=\"Links P\u00e1rrafos\" class=\"ue-c-article__paragraph paragraph\">\u00abMe gust\u00f3 el partido porque, como vemos, las Ventanas no son una broma. Hay muchas selecciones a priori que tienen un cartel importante que han perdido su primer partido y esto es una carrera de medio fondo, dig\u00e1moslo as\u00ed, donde ese primer partido fuera de casa hab\u00eda que sacarlo, s\u00ed o s\u00ed. Y eso fue lo que m\u00e1s me gust\u00f3\u00bb.<\/p>\n<p>Aspectos a mejorar<\/p>\n<p data-mrf-recirculation=\"Links P\u00e1rrafos\" class=\"ue-c-article__paragraph paragraph\">\u00abPor supuesto que hay muchas cosas que mejorar, ojal\u00e1 pudi\u00e9ramos tener m\u00e1s tiempo para trabajar juntos, pero el tiempo es el que hay y esto nunca va a ser una excusa. Me gust\u00f3 tambi\u00e9n el ritmo al que tratamos de jugar por momentos, que igual se atasc\u00f3 un poquito en la segunda parte porque perdimos demasiados balones y eso es algo que no me gust\u00f3, obviamente, y que perdimos un poquito m\u00e1s el rebote. En l\u00edneas generales, el acierto o no desde la l\u00ednea de tres puntos, unos d\u00edas se mete m\u00e1s y otros d\u00edas menos de fuera. En general, yo acab\u00e9 muy contento con el partido del otro d\u00eda\u00bb.<\/p>\n<p>La derrota de Georgia ante Ucrania<\/p>\n<p data-mrf-recirculation=\"Links P\u00e1rrafos\" class=\"ue-c-article__paragraph paragraph\">\u00abVienen de perder y eso precisamente puede hacerles m\u00e1s peligrosos, pero no nos olvidemos que viene de ganarnos tambi\u00e9n en el \u00faltimo Europeo. Tambi\u00e9n a nosotros eso nos puede servir de acicate, de pensar el buen equipo que es Georgia y los buenos jugadores que tiene. Tienen jugadores conocidos por todos los aficionados al baloncesto espa\u00f1ol y sabemos de su calidad. Tenemos que estar al 100% si hoy queremos llegar a victoria. Lo tengo clar\u00edsimo\u00bb.<\/p>\n<p>Shermadini y su \u00faltimo partido con Georgia<\/p>\n<p data-mrf-recirculation=\"Links P\u00e1rrafos\" class=\"ue-c-article__paragraph paragraph\">\u00abGio Shermadini lleva dando cl\u00ednics baloncest\u00edsticos en este pabell\u00f3n desde hace mucho tiempo. Juega francamente bien al baloncesto, es un jugador al que en la Liga Endesa lo conocemos perfectamente, pero no el hecho de conocer te hace por eso pensar que pueda hacer un peor partido. Tenemos que estar atentos con \u00e9l, pero tambi\u00e9n al resto de sus compa\u00f1eros. Hay un equipo georgiano con muchos recursos ofensivos y obviamente Gio va a ser uno de los puntales. No cabe duda que querr\u00e1 despedirse de su selecci\u00f3n ante el p\u00fablico de su club de la mejor manera posible. Ojal\u00e1 que haga un buen partido, pero que gane Espa\u00f1a\u00bb.<\/p>\n<p>La intensidad georgiana<\/p>\n<p data-mrf-recirculation=\"Links P\u00e1rrafos\" class=\"ue-c-article__paragraph paragraph\">\u00abIgualarles en la intensidad yo dir\u00eda que no es suficiente. Tenemos que superarles en intensidad porque queremos salir intensos, queremos salir bien a un partido importante para nosotros. Y empezar en una buena din\u00e1mica, como el otro d\u00eda con Dinamarca, empezar bien el partido, centrados y metidos. Es importante para marcar una l\u00ednea despu\u00e9s.\u00a0Pero los partidos hay que madurarlos y hay que trabajarlos. Si alguien piensa que contra Georgia en un momento dado vas a poder escaparte f\u00e1cil y no va a haber partido, eso es imposible. Ellos son competitivos, igual que nosotros, y vamos a tratar de madurar el partido de tal forma que podamos llev\u00e1rnoslo en el minuto 40, que es lo que debemos hacer\u00bb.<\/p>\n<p>Cambios con respecto al Eurobasket<\/p>\n<p data-mrf-recirculation=\"Links P\u00e1rrafos\" class=\"ue-c-article__paragraph paragraph\">\u00abEllos no han cambiado tanto en el sentido de tener jugadores referentes que siguen siendo referentes. Les falta alguno que tambi\u00e9n lo era, pero realmente mantienen un poco el estilo. Han cambiado a su base americano [Kamar Baldwin] por McFadden, que es otro arma a tener en cuenta, un tirador y un anotador compulsivo que tenemos que tener muy en el radar. Pero realmente siguen manteniendo referentes como Shengelia, que sabemos que es muy bueno, Sanadze, que tambi\u00e9n es otro jugador muy importante. Y no olvidarnos del resto, est\u00e1 claro\u00bb.<\/p>\n<p>Baja de Jaime Fern\u00e1ndez y duda de Dani D\u00edez<\/p>\n<p data-mrf-recirculation=\"Links P\u00e1rrafos\" class=\"ue-c-article__paragraph paragraph\">\u00abDani vamos a ver c\u00f3mo se encuentra hoy en el entrenamiento. Vamos a hacer la \u00faltima prueba ahora y veremos si valoraremos despu\u00e9s del entrenamiento. Va mejor, pero no tenemos a\u00fan la certeza de que pueda participar en el partido. Con respecto a Jaime, lo que m\u00e1s rabia me da es que no pueda disfrutar de su buen momento delante del p\u00fablico que est\u00e1 acostumbrado a verle tambi\u00e9n con su club. Porque \u00e9l ten\u00eda muchas ganas de agradar tambi\u00e9n, vistiendo la camiseta nacional, al p\u00fablico de aqu\u00ed, de Tenerife.\u00a0Ahora es m\u00e1s bien el club el que debe decidir los plazos. Hemos tenido la precauci\u00f3n de sacarlo el otro d\u00eda en el partido pensando que pod\u00eda tener algo sin tener la certeza y se determin\u00f3 que ten\u00eda algo que le impedir\u00e1 jugar\u00bb.<\/p>\n<p>El apoyo de la afici\u00f3n<\/p>\n<p data-mrf-recirculation=\"Links P\u00e1rrafos\" class=\"ue-c-article__paragraph paragraph\">\u00abNosotros necesitamos del p\u00fablico. Necesitamos de la afici\u00f3n de Tenerife. No solamente porque haya dos representantes y un ex muy reciente como Lluis Costa y representantes como Fran [Guerra] o como Jaime [Fern\u00e1ndez], sino que necesitamos claramente de un sexto hombre que siempre ha sido una afici\u00f3n que anima mucho a su club y anima mucho a la selecci\u00f3n espa\u00f1ola. Necesitamos hoy m\u00e1s que nunca de ellos, que el empuje de la afici\u00f3n de Tenerife nos lleve en muchos casos en volandas cuando tengamos problemas. Sabemos que no nos va a dejar solos, pero necesitamos, si cabe, un empuj\u00f3n m\u00e1s por parte del p\u00fablico que sabemos que lo vamos a tener\u00bb.<\/p>\n","protected":false},"excerpt":{"rendered":"Chus Mateo compareci\u00f3 este s\u00e1bado ante los medios de comunicaci\u00f3n para analizar el encuentro de este domingo frente&hellip;\n","protected":false},"author":2,"featured_media":262436,"comment_status":"","ping_status":"","sticky":false,"template":"","format":"standard","meta":{"footnotes":""},"categories":[269],"tags":[299,298,168,25,24,23,167],"class_list":{"0":"post-262435","1":"post","2":"type-post","3":"status-publish","4":"format-standard","5":"has-post-thumbnail","7":"category-baloncesto","8":"tag-baloncesto","9":"tag-basketball","10":"tag-deportes","11":"tag-es","12":"tag-espana","13":"tag-spain","14":"tag-sports"},"share_on_mastodon":{"url":"https:\/\/pubeurope.com\/@es\/115634389939255720","error":""},"_links":{"self":[{"href":"https:\/\/www.europesays.com\/es\/wp-json\/wp\/v2\/posts\/262435","targetHints":{"allow":["GET"]}}],"collection":[{"href":"https:\/\/www.europesays.com\/es\/wp-json\/wp\/v2\/posts"}],"about":[{"href":"https:\/\/www.europesays.com\/es\/wp-json\/wp\/v2\/types\/post"}],"author":[{"embeddable":true,"href":"https:\/\/www.europesays.com\/es\/wp-json\/wp\/v2\/users\/2"}],"replies":[{"embeddable":true,"href":"https:\/\/www.europesays.com\/es\/wp-json\/wp\/v2\/comments?post=262435"}],"version-history":[{"count":0,"href":"https:\/\/www.europesays.com\/es\/wp-json\/wp\/v2\/posts\/262435\/revisions"}],"wp:featuredmedia":[{"embeddable":true,"href":"https:\/\/www.europesays.com\/es\/wp-json\/wp\/v2\/media\/262436"}],"wp:attachment":[{"href":"https:\/\/www.europesays.com\/es\/wp-json\/wp\/v2\/media?parent=262435"}],"wp:term":[{"taxonomy":"category","embeddable":true,"href":"https:\/\/www.europesays.com\/es\/wp-json\/wp\/v2\/categories?post=262435"},{"taxonomy":"post_tag","embeddable":true,"href":"https:\/\/www.europesays.com\/es\/wp-json\/wp\/v2\/tags?post=262435"}],"curies":[{"name":"wp","href":"https:\/\/api.w.org\/{rel}","templated":true}]}}