{"id":262439,"date":"2025-11-29T18:26:09","date_gmt":"2025-11-29T18:26:09","guid":{"rendered":"https:\/\/www.europesays.com\/es\/262439\/"},"modified":"2025-11-29T18:26:09","modified_gmt":"2025-11-29T18:26:09","slug":"extraen-de-la-nariz-de-una-influencer-un-trozo-de-cinta-adhesiva-que-llevaba-insertado-desde-hace-35-anos","status":"publish","type":"post","link":"https:\/\/www.europesays.com\/es\/262439\/","title":{"rendered":"Extraen de la nariz de una &#8216;influencer&#8217; un trozo de cinta adhesiva que llevaba insertado desde hace 35 a\u00f1os"},"content":{"rendered":"<p class=\"c-paragraph\">La <a href=\"https:\/\/www.20minutos.es\/tags\/temas\/influencers.html\" title=\"Influencers\" rel=\"nofollow noopener\" target=\"_blank\">influencer<\/a> argentina <b>Candela Reybaud<\/b> ha contado en su cuenta de Instagram, donde da consejos de nutrici\u00f3n a sus m\u00e1s de 100.000 seguidores, que le han extra\u00eddo <b>un trozo de cinta aislante<\/b> que llevaba insertado en la nariz desde que tiene uso de raz\u00f3n.<\/p>\n<p class=\"c-paragraph\">En un v\u00eddeo, Reybaud explica que desde que tiene recuerdos, siempre ha respirado mal por uno de los orificios de la nariz, en concreto el derecho. \u00ab<b>Siempre tuve dificultades para realizar actividad f\u00edsica<\/b> porque ten\u00eda que respirar por la boca y lo mismo me pasaba cuando dorm\u00eda\u00bb, dice.\u00a0<\/p>\n<p class=\"c-paragraph\">\u00abNunca le prest\u00e9 mucha atenci\u00f3n porque<b> me acostumbr\u00e9 a respirar de esa manera <\/b>desde muy joven. Y en aquella \u00e9poca no hab\u00eda tanta informaci\u00f3n como hay hoy sobre las consecuencias de respirar por la boca\u00bb, prosigue.<\/p>\n<p class=\"c-paragraph\">Hace aproximadamente un mes sufri\u00f3 una sinusitis y decidi\u00f3 tomar cartas en el asunto. El otorrino le mand\u00f3 hacer una tomograf\u00eda y en ella se vio que ten\u00eda <b>un rinolito<\/b>, es decir, un cuerpo extra\u00f1o calcificado, obstruyendo el canal nasal.<\/p>\n<p class=\"c-paragraph\">Con los resultados del esc\u00e1ner regres\u00f3 al otorrino, que intent\u00f3 extraer el objeto. Tras una hora de molestos trabajos, sac\u00f3 el objeto. Al verlo, Candela dice que entr\u00f3 en \u00abshock\u00bb. Se trataba de <b>un trozo de cinta adhesiva enrollada<\/b>, que llevaba en su nariz \u00abdesde no se cu\u00e1ndo, m\u00ednimo 20 a\u00f1os\u00bb.<\/p>\n<p class=\"c-paragraph\">La gran pregunta es c\u00f3mo lleg\u00f3 eso all\u00ed. \u00abCreo que debe haber estado all\u00ed desde mi m\u00e1s tierna infancia, o incluso cuando era un beb\u00e9. Hablando con mi madre, ella record\u00f3 que cuando nac\u00ed en 1990,<b> tuve un episodio de dificultad respiratoria<\/b> en la unidad neonatal\u00bb, dice Candela.<\/p>\n<p class=\"c-paragraph\">Su madre plantea la hip\u00f3tesis de que en ese momento <b>le insertaron un tubo nasal <\/b>y que la cinta estaba en el equipo. \u00abNo s\u00e9 si eso sea posible, pero es la \u00fanica explicaci\u00f3n l\u00f3gica que se nos ha ocurrido. Mi familia est\u00e1 tan sorprendida como yo\u00bb, a\u00f1ade Candela.<\/p>\n<p class=\"c-paragraph\">Por otro lado, dice que tras la extracci\u00f3n, el alivio fue inmediato. <b>\u00abTodav\u00eda tengo algo de hinchaz\u00f3n\u00bb<\/b>, explica la creadora de contenido. \u00abPero siento que respiro mejor cada d\u00eda\u00bb, agrega. \u00abLa hinchaz\u00f3n tardar\u00e1 un poco m\u00e1s en bajar por completo, pero la diferencia ya es muy notoria\u00bb, concluye.<\/p>\n","protected":false},"excerpt":{"rendered":"La influencer argentina Candela Reybaud ha contado en su cuenta de Instagram, donde da consejos de nutrici\u00f3n a&hellip;\n","protected":false},"author":2,"featured_media":262440,"comment_status":"","ping_status":"","sticky":false,"template":"","format":"standard","meta":{"footnotes":""},"categories":[174],"tags":[255,146,147,25,24,40991,256,5764,14840,23,16743,20877],"class_list":{"0":"post-262439","1":"post","2":"type-post","3":"status-publish","4":"format-standard","5":"has-post-thumbnail","7":"category-famosos","8":"tag-celebrities","9":"tag-entertainment","10":"tag-entretenimiento","11":"tag-es","12":"tag-espana","13":"tag-extraen","14":"tag-famosos","15":"tag-influencer","16":"tag-nariz","17":"tag-spain","18":"tag-un","19":"tag-una"},"share_on_mastodon":{"url":"https:\/\/pubeurope.com\/@es\/115634397753282252","error":""},"_links":{"self":[{"href":"https:\/\/www.europesays.com\/es\/wp-json\/wp\/v2\/posts\/262439","targetHints":{"allow":["GET"]}}],"collection":[{"href":"https:\/\/www.europesays.com\/es\/wp-json\/wp\/v2\/posts"}],"about":[{"href":"https:\/\/www.europesays.com\/es\/wp-json\/wp\/v2\/types\/post"}],"author":[{"embeddable":true,"href":"https:\/\/www.europesays.com\/es\/wp-json\/wp\/v2\/users\/2"}],"replies":[{"embeddable":true,"href":"https:\/\/www.europesays.com\/es\/wp-json\/wp\/v2\/comments?post=262439"}],"version-history":[{"count":0,"href":"https:\/\/www.europesays.com\/es\/wp-json\/wp\/v2\/posts\/262439\/revisions"}],"wp:featuredmedia":[{"embeddable":true,"href":"https:\/\/www.europesays.com\/es\/wp-json\/wp\/v2\/media\/262440"}],"wp:attachment":[{"href":"https:\/\/www.europesays.com\/es\/wp-json\/wp\/v2\/media?parent=262439"}],"wp:term":[{"taxonomy":"category","embeddable":true,"href":"https:\/\/www.europesays.com\/es\/wp-json\/wp\/v2\/categories?post=262439"},{"taxonomy":"post_tag","embeddable":true,"href":"https:\/\/www.europesays.com\/es\/wp-json\/wp\/v2\/tags?post=262439"}],"curies":[{"name":"wp","href":"https:\/\/api.w.org\/{rel}","templated":true}]}}