{"id":262441,"date":"2025-11-29T18:29:09","date_gmt":"2025-11-29T18:29:09","guid":{"rendered":"https:\/\/www.europesays.com\/es\/262441\/"},"modified":"2025-11-29T18:29:09","modified_gmt":"2025-11-29T18:29:09","slug":"anatomia-de-un-instante-un-relato-sin-ficcion","status":"publish","type":"post","link":"https:\/\/www.europesays.com\/es\/262441\/","title":{"rendered":"\u00abAnatom\u00eda de un instante\u00bb, un relato sin ficci\u00f3n"},"content":{"rendered":"<p>                        En este v\u00eddeo recomienda V\u00edctor Amela, cr\u00edtico de televisi\u00f3n de La Vanguardia, la miniserie de cuatro cap\u00edtulos \u201cAnatom\u00eda de un instante\u201d\n<\/p>\n<p>                <img decoding=\"async\" alt=\"\u201cAnatom\u00eda de un instante\u201d, un relato sin ficci\u00f3n\" heigth=\"465\" width=\"948\" src=\"https:\/\/www.europesays.com\/es\/wp-content\/uploads\/2025\/11\/692b23c22f901.jpeg\" class=\"lazy\"\/><\/p>\n<p>\n                     Video\n                <\/p>\n<p class=\"caption-title video-caption-title \">La opini\u00f3n de Amela<\/p>\n<p>                <img loading=\"lazy\" decoding=\"async\" width=\"40\" height=\"40\" alt=\"\u201cAnatom\u00eda de un instante\u201d, un relato sin ficci\u00f3n\" title=\"\" src=\"\/files\/image_40_40\/uploads\/2024\/01\/18\/65a8ee5abe7ed.jpeg\" class=\"lazy\"\/><\/p>\n<p data-gtm-element-container=\"modulo-texto-link\" class=\"paragraph\">En este v\u00eddeo recomienda V\u00edctor Amela, cr\u00edtico de televisi\u00f3n de La Vanguardia, la miniserie de <a href=\"https:\/\/www.lavanguardia.com\/television\/programacion-tv\/cuatro\" target=\"_blank\" rel=\"noopener noreferrer nofollow\">cuatro<\/a> cap\u00edtulos \u201cAnatom\u00eda de un instante\u201d (Movistar+): basada en la hom\u00f3nima novela sin ficci\u00f3n de Javier Cercas, arranca con los disparos de Tejero en el Congreso el 23-F de 1981 y nos cuenta las biograf\u00edas (y relaci\u00f3n entre ellos) de los tres \u00fanicos diputados que no se arrojaron al suelo: Su\u00e1rez, Carrillo y Guti\u00e9rrez Mellado.<\/p>\n<p>\n                            Mostrar comentarios\n                        <\/p>\n<p>{\u00aballowComment\u00bb:\u00bballowed\u00bb,\u00bbarticleId\u00bb:\u00bbarticle-11315521&#8243;,\u00bburl\u00bb:\u00bbhttps:\\\/\\\/www.lavanguardia.com\\\/television\\\/20251129\\\/11315521\\\/ver-miniserie-espana-estado-golpe-historia.html\u00bb,\u00bblivefyre-url\u00bb:\u00bbarticle-11315521&#8243;}<\/p>\n<p>Cargando siguiente contenido&#8230;\n                <\/p>\n","protected":false},"excerpt":{"rendered":"En este v\u00eddeo recomienda V\u00edctor Amela, cr\u00edtico de televisi\u00f3n de La Vanguardia, la miniserie de cuatro cap\u00edtulos \u201cAnatom\u00eda&hellip;\n","protected":false},"author":2,"featured_media":262442,"comment_status":"","ping_status":"","sticky":false,"template":"","format":"standard","meta":{"footnotes":""},"categories":[171],"tags":[146,147,25,24,23,214],"class_list":{"0":"post-262441","1":"post","2":"type-post","3":"status-publish","4":"format-standard","5":"has-post-thumbnail","7":"category-tv","8":"tag-entertainment","9":"tag-entretenimiento","10":"tag-es","11":"tag-espana","12":"tag-spain","13":"tag-tv"},"share_on_mastodon":{"url":"https:\/\/pubeurope.com\/@es\/115634410426177505","error":""},"_links":{"self":[{"href":"https:\/\/www.europesays.com\/es\/wp-json\/wp\/v2\/posts\/262441","targetHints":{"allow":["GET"]}}],"collection":[{"href":"https:\/\/www.europesays.com\/es\/wp-json\/wp\/v2\/posts"}],"about":[{"href":"https:\/\/www.europesays.com\/es\/wp-json\/wp\/v2\/types\/post"}],"author":[{"embeddable":true,"href":"https:\/\/www.europesays.com\/es\/wp-json\/wp\/v2\/users\/2"}],"replies":[{"embeddable":true,"href":"https:\/\/www.europesays.com\/es\/wp-json\/wp\/v2\/comments?post=262441"}],"version-history":[{"count":0,"href":"https:\/\/www.europesays.com\/es\/wp-json\/wp\/v2\/posts\/262441\/revisions"}],"wp:featuredmedia":[{"embeddable":true,"href":"https:\/\/www.europesays.com\/es\/wp-json\/wp\/v2\/media\/262442"}],"wp:attachment":[{"href":"https:\/\/www.europesays.com\/es\/wp-json\/wp\/v2\/media?parent=262441"}],"wp:term":[{"taxonomy":"category","embeddable":true,"href":"https:\/\/www.europesays.com\/es\/wp-json\/wp\/v2\/categories?post=262441"},{"taxonomy":"post_tag","embeddable":true,"href":"https:\/\/www.europesays.com\/es\/wp-json\/wp\/v2\/tags?post=262441"}],"curies":[{"name":"wp","href":"https:\/\/api.w.org\/{rel}","templated":true}]}}