{"id":262445,"date":"2025-11-29T18:32:22","date_gmt":"2025-11-29T18:32:22","guid":{"rendered":"https:\/\/www.europesays.com\/es\/262445\/"},"modified":"2025-11-29T18:32:22","modified_gmt":"2025-11-29T18:32:22","slug":"la-revista-cahiers-du-cinema-publica-su-lista-con-las-mejores-peliculas-del-2025-la-primera-es-espanola","status":"publish","type":"post","link":"https:\/\/www.europesays.com\/es\/262445\/","title":{"rendered":"La revista Cahiers du Cin\u00e9ma publica su lista con las mejores pel\u00edculas del 2025: la primera es espa\u00f1ola"},"content":{"rendered":"<p>En el mundo de la cr\u00edtica cinematogr\u00e1fica, pocas revistas tienen el prestigio hist\u00f3rico de<strong> Cahiers du Cin\u00e9ma<\/strong>. Fundada en 1951 por Andr\u00e9 Bazin, Jacques Doniol-Valcroze y Joseph-Marie Lo Duca, su relevancia pasa por haber sido uno de los primeros medios impresos que se centr\u00f3 en <a href=\"https:\/\/okdiario.com\/trailer\/cahiers-du-cinema-muestra-lista-mejores-peliculas-del-2021-8191799\" rel=\"nofollow noopener\" target=\"_blank\">la figura del autor<\/a>, poniendo<strong> el foco en la posici\u00f3n del director<\/strong> como art\u00edfice m\u00e1ximo de las obras f\u00edlmicas. Adem\u00e1s de por supuesto, ser un editorial clave en la promoci\u00f3n de los directores de la Nouvelle Vague como Fran\u00e7ois Truffaut, \u00c9ric Rohmer o<a href=\"https:\/\/okdiario.com\/trailer\/fallece-jean-luc-godard-5-peliculas-recordar-celebre-director-frances-9659256\" rel=\"nofollow noopener\" target=\"_blank\"> Jean-Luc Godard<\/a>. Ahora, como cada a\u00f1o, la publicaci\u00f3n comparte su lista con <strong>las 10 mejores pel\u00edculas del 2025<\/strong>, la cual est\u00e1 liderada por una de las pel\u00edculas espa\u00f1olas m\u00e1s pol\u00e9micas de la temporada.<\/p>\n<p>Cahiers du Cin\u00e9ma: las 10 mejores pel\u00edculas del 202510-\u2018Mirrors No.3\u2019<\/p>\n<p><img loading=\"lazy\" decoding=\"async\" class=\"wp-image-15849741 size-medium\" alt=\" mejores pel\u00edculas 2025\" width=\"620\" height=\"349\"  src=\"https:\/\/www.europesays.com\/es\/wp-content\/uploads\/2025\/11\/film_banner_miroirs-no-3-photo-christian-schulz-c-schramm-film_o_1ipmo2g6i1rm51glj1t251ettsccb_cropp.jpeg\" \/> \u2018Mirrors No.3\u2019 (ARTE).<\/p>\n<p>Fue una de las grandes revelaciones tanto en <a href=\"https:\/\/okdiario.com\/noticias\/festival-de-cannes\/\" rel=\"nofollow noopener\" target=\"_blank\">el Festival de Cannes<\/a> como en la reciente Seminci del Festival de Valladolid. Esta cinta alemana es un thriller sobre una estudiante de m\u00fasica que sale ilesa de <strong>un desgraciado accidente de coche<\/strong> en el que muere su novio. Tras el trauma el doloroso trauma es acogida por una familia que esconde oscuros secretos.<\/p>\n<ul>\n<li>Fecha de estreno: todav\u00eda no tiene una fecha programada en Espa\u00f1a<\/li>\n<\/ul>\n<p>9-\u2018Drifting Laurent\u2019<\/p>\n<p><img loading=\"lazy\" decoding=\"async\" class=\"size-medium wp-image-15849756\" alt=\"\" width=\"620\" height=\"349\"  src=\"https:\/\/www.europesays.com\/es\/wp-content\/uploads\/2025\/11\/laurent-dans-le-vent-c-mabel-films_5_hd-1_cropped-620x349.jpg\" \/> \u2018Drifting Laurent\u2019 (Mabel Films).<\/p>\n<p>Perdido y sin rumbo, Laurent de 18 a\u00f1os, se refugia en <strong>una estaci\u00f3n de esqu\u00ed<\/strong> desierta en plena temporada. All\u00ed conoce a los habitantes de la zona con quienes forja unos insospechados v\u00ednculos. Cuando llega el invierno, ya no es la misma y ahora, no se imagina abandonando a sus nuevos amigos.<\/p>\n<ul>\n<li>Fecha de estreno: todav\u00eda no tiene una fecha programada en Espa\u00f1a<\/li>\n<\/ul>\n<p>8-\u2018Nouvelle Vague\u2019<\/p>\n<p><img loading=\"lazy\" decoding=\"async\" class=\"size-medium wp-image-15384236\" alt=\"\" width=\"620\" height=\"349\"  src=\"https:\/\/www.europesays.com\/es\/wp-content\/uploads\/2025\/09\/nouvelle-vague-still-4_cropped-620x349.jpg\" \/> \u2018Nouvelle Vague\u2019 (Netflix).<\/p>\n<p>Si hab\u00eda una cinta previsible entre la lista con las mejores pel\u00edculas del 2025 de Cahiers du Cin\u00e9ma, esa era Nouvelle Vague. Rodada en franc\u00e9s, el particular homenaje del director norteamericano<strong> <a href=\"https:\/\/www.filmin.es\/director\/richard-linklater\" rel=\"nofollow noopener\" target=\"_blank\">Richard Linklater<\/a><\/strong> al movimiento art\u00edstico galo es una carta de amor al cine europeo, mediante la representaci\u00f3n metacinematogr\u00e1fica del rodaje de <strong>Al final de la escapada<\/strong> de Jean-Luc Godard.<\/p>\n<ul>\n<li>Fecha de estreno: llegar\u00e1 el <strong>9 de enero<\/strong> a los cines espa\u00f1oles.<\/li>\n<\/ul>\n<p>7-\u20187 promenades avec Mark Brown\u2019<\/p>\n<p><img loading=\"lazy\" decoding=\"async\" class=\"size-medium wp-image-15849740\" alt=\"\" width=\"620\" height=\"349\"  src=\"https:\/\/www.europesays.com\/es\/wp-content\/uploads\/2025\/11\/7_promenades_01_cropped-620x349.jpg\" \/> \u20187 promenades avec Mark Brown\u2019 (R\u00e9gion Normandi).<\/p>\n<p>Documental franc\u00e9s dirigido por <strong>Pierre Creton y Vicent Barr\u00e9<\/strong> que sigue los pasos de un bot\u00e1nico ingl\u00e9s en los paisajes de la costa de Normand\u00eda. Una delicia para los amantes de las plantas, con personas y c\u00e1maras que prestan su atenci\u00f3n a las flores.<\/p>\n<ul>\n<li>Fecha de estreno: todav\u00eda no tiene una fecha programada en Espa\u00f1a<\/li>\n<\/ul>\n<p>6-\u2018L\u2019 Aventura\u2019<\/p>\n<p><img loading=\"lazy\" decoding=\"async\" class=\"size-medium wp-image-15849746\" alt=\"\" width=\"620\" height=\"349\"  src=\"https:\/\/www.europesays.com\/es\/wp-content\/uploads\/2025\/11\/l_aventura_cropped-620x349.jpg\" \/> \u2018L\u2019Aventura\u2019 (Atelier de Production).<\/p>\n<p>Comedia familiar ubicada en un <strong>viaje por carretera<\/strong> dentro de Cerde\u00f1a, Italia. All\u00ed, Claudine, que pronto cumplir\u00e1 11 a\u00f1os, decide contar sus aventuras sobre la marcha. Cuando Raoul, su hermano de 3 a\u00f1os, no la molesta.<\/p>\n<ul>\n<li>Fecha de estreno: todav\u00eda no tiene una fecha programada en Espa\u00f1a<\/li>\n<\/ul>\n<p>5-\u2018La risa y la navaja\u2019<\/p>\n<p><img loading=\"lazy\" decoding=\"async\" class=\"size-medium wp-image-15849751\" alt=\"\" width=\"620\" height=\"349\"  src=\"https:\/\/www.europesays.com\/es\/wp-content\/uploads\/2025\/11\/la-risa-y-la-navaja-05-kqwg-u24086173101i5b-1200x840-el-norte_cropped-620x349.jpg\" \/> \u2018La risa y la navaja\u2019 (Terratreme Filmes).<\/p>\n<p>Producci\u00f3n portuguesa que nos pone en la piel de Sergio, un ingeniero ambiental que viaja a <strong>una ciudad de \u00c1frica Occidental<\/strong> para trabajar en una carretera que unir\u00e1 el desierto y la selva. All\u00ed, entabla una relaci\u00f3n estrecha con <strong>Diara y Gui<\/strong>, dos habitantes de la ciudad. Pronto descubrir\u00e1 que el anterior ingeniero que trabaj\u00f3 all\u00ed, desapareci\u00f3 hace unos meses misteriosamente.<\/p>\n<ul>\n<li>Fecha de estreno: todav\u00eda no tiene una fecha programada en Espa\u00f1a<\/li>\n<\/ul>\n<p>4-\u2018El agente secreto\u2019<\/p>\n<p><img loading=\"lazy\" decoding=\"async\" class=\"size-medium wp-image-15849764\" alt=\"\" width=\"620\" height=\"349\"  src=\"https:\/\/www.europesays.com\/es\/wp-content\/uploads\/2025\/11\/the-secret-agent-victor-juca_cropped-620x349.jpg\" \/> \u2018El agente secreto\u2019 (arte France Cin\u00e9ma).<\/p>\n<p>Contextualizada durante <strong>la dictadura militar brasile\u00f1a<\/strong>, Marcelo, un profesor que huye de su pasado, regresa huyendo a la ciudad de Recife, donde espera poder reconstruir su vida y volver a ver a su hijo. Pronto se da cuenta que el lugar no es precisamente un refugio y que las fuerzas gubernamentales lo persiguen.<\/p>\n<ul>\n<li>Fecha de estreno: llegar\u00e1 el <strong>20 de febrero<\/strong> a los cines espa\u00f1oles.<\/li>\n<\/ul>\n<p>3-\u2018Yes\u2019<\/p>\n<p><img loading=\"lazy\" decoding=\"async\" class=\"wp-image-15849766 size-medium\" alt=\"mejores pel\u00edculas 2025\" width=\"620\" height=\"349\"  src=\"https:\/\/www.europesays.com\/es\/wp-content\/uploads\/2025\/11\/yes_cropped-620x349.jpg\" \/> \u2018Yes\u2019 (AMP Filmworks).<\/p>\n<p>Filme israel\u00ed que est\u00e1 ambientado en<strong> los atentados de Ham\u00e1s<\/strong> del 7 de octubre, centr\u00e1ndose en la figura de un m\u00fasico de jazz al que le encargan la tarea de poner m\u00fasica a un nuevo himno nacional.<\/p>\n<ul>\n<li>Fecha de estreno: todav\u00eda no tiene una fecha programada en Espa\u00f1a<\/li>\n<\/ul>\n<p>2-\u2018Una batalla tras otra\u2019<\/p>\n<p><img loading=\"lazy\" decoding=\"async\" class=\"wp-image-15620504 size-medium\" alt=\"mejores pel\u00edculas 2025\" width=\"620\" height=\"349\"  src=\"https:\/\/www.europesays.com\/es\/wp-content\/uploads\/2025\/11\/whatsapp-image-2025-09-28-at-11.54.49-am_cropped-620x349.jpg\" \/> \u2018Una batalla tras otra\u2019 (Warner Bros).<\/p>\n<p>Va a ser una de las grandes favoritas en los Oscar y claro est\u00e1, no pod\u00eda faltar en esta lista de las mejores pel\u00edculas del 2025. La \u00faltima obra de Paul Thomas Anderson, que adapta la novela <strong>Vineland <\/strong>de Thomas Pynchon, ha sido elogiada hasta la saciedad por la cr\u00edtica. Divertida, repleta de sentimiento y con grandes dosis de acci\u00f3n, el planteamiento nos pone en la piel de un ex revolucionario que se ve obligado a <strong>perseguir a un viejo enemigo<\/strong>, despu\u00e9s de que este secuestre a su hija.<\/p>\n<ul>\n<li>Fecha de estreno: se estren\u00f3 en cines el pasado<strong> 26 de septiembre<\/strong> y se espera que en las pr\u00f3ximas semanas, aterrice en la plataforma de HBO Max<\/li>\n<\/ul>\n<p>1-\u2018Tardes de soledad\u2019<\/p>\n<p><img loading=\"lazy\" decoding=\"async\" class=\"size-medium wp-image-15026219\" alt=\"Tardes de soledad\" width=\"620\" height=\"349\"  src=\"https:\/\/www.europesays.com\/es\/wp-content\/uploads\/2025\/11\/bbkbhbhb-620x349.jpg\" \/> \u2018Tardes de soledad\u2019 ( Lacima Producciones).<\/p>\n<p>S\u00ed, para Cahiers du Cin\u00e9ma, Tardes de soledad la l\u00edder de la lista de mejores pel\u00edculas del 2025. El pol\u00e9mico filme documental del cineasta <strong>Albert Serra<\/strong>, retrata de manera intimista, la figura del torero en activo, Andr\u00e9s Roca Rey. Se llev\u00f3 la <strong>Concha de Oro<\/strong> en el Festival de cine de San Sebasti\u00e1n y dar\u00e1 mucho que hablar en la temporada final de premios.<\/p>\n<ul>\n<li>Fecha de estreno: Est\u00e1 disponible en la plataforma de <strong>Movistar Plus<\/strong><\/li>\n<\/ul>\n","protected":false},"excerpt":{"rendered":"En el mundo de la cr\u00edtica cinematogr\u00e1fica, pocas revistas tienen el prestigio hist\u00f3rico de Cahiers du Cin\u00e9ma. Fundada&hellip;\n","protected":false},"author":2,"featured_media":262446,"comment_status":"","ping_status":"","sticky":false,"template":"","format":"standard","meta":{"footnotes":""},"categories":[169],"tags":[177,146,147,25,24,176,175,23],"class_list":{"0":"post-262445","1":"post","2":"type-post","3":"status-publish","4":"format-standard","5":"has-post-thumbnail","7":"category-cine","8":"tag-cine","9":"tag-entertainment","10":"tag-entretenimiento","11":"tag-es","12":"tag-espana","13":"tag-film","14":"tag-movies","15":"tag-spain"},"share_on_mastodon":{"url":"https:\/\/pubeurope.com\/@es\/115634422618306644","error":""},"_links":{"self":[{"href":"https:\/\/www.europesays.com\/es\/wp-json\/wp\/v2\/posts\/262445","targetHints":{"allow":["GET"]}}],"collection":[{"href":"https:\/\/www.europesays.com\/es\/wp-json\/wp\/v2\/posts"}],"about":[{"href":"https:\/\/www.europesays.com\/es\/wp-json\/wp\/v2\/types\/post"}],"author":[{"embeddable":true,"href":"https:\/\/www.europesays.com\/es\/wp-json\/wp\/v2\/users\/2"}],"replies":[{"embeddable":true,"href":"https:\/\/www.europesays.com\/es\/wp-json\/wp\/v2\/comments?post=262445"}],"version-history":[{"count":0,"href":"https:\/\/www.europesays.com\/es\/wp-json\/wp\/v2\/posts\/262445\/revisions"}],"wp:featuredmedia":[{"embeddable":true,"href":"https:\/\/www.europesays.com\/es\/wp-json\/wp\/v2\/media\/262446"}],"wp:attachment":[{"href":"https:\/\/www.europesays.com\/es\/wp-json\/wp\/v2\/media?parent=262445"}],"wp:term":[{"taxonomy":"category","embeddable":true,"href":"https:\/\/www.europesays.com\/es\/wp-json\/wp\/v2\/categories?post=262445"},{"taxonomy":"post_tag","embeddable":true,"href":"https:\/\/www.europesays.com\/es\/wp-json\/wp\/v2\/tags?post=262445"}],"curies":[{"name":"wp","href":"https:\/\/api.w.org\/{rel}","templated":true}]}}