{"id":262451,"date":"2025-11-29T18:35:10","date_gmt":"2025-11-29T18:35:10","guid":{"rendered":"https:\/\/www.europesays.com\/es\/262451\/"},"modified":"2025-11-29T18:35:10","modified_gmt":"2025-11-29T18:35:10","slug":"el-legado-personal-de-concha-velasco-ya-se-puede-disfrutar-en-su-casa-actualidad","status":"publish","type":"post","link":"https:\/\/www.europesays.com\/es\/262451\/","title":{"rendered":"El legado personal de Concha Velasco ya se puede disfrutar en su &#8216;casa&#8217; | Actualidad"},"content":{"rendered":"<p class=\"loc\">Valladolid<\/p>\n<p>Aunque lleva semanas instalado en uno de los espacios m\u00e1s especiales del principal espacio esc\u00e9nico de su ciudad, ha sido ahora, en un d\u00eda significativo, cuando el Ayuntamiento de Valladolid ha inaugurado una exposici\u00f3n permanente, que recoge una amplia selecci\u00f3n de premios, galardones y reconocimientos obtenidos por la artista Concha Velasco a lo largo de su trayectoria profesional. <\/p>\n<p>La muestra re\u00fane piezas cedidas por la familia de la actriz, con el objetivo de preservar y compartir con la ciudadan\u00eda el legado de una de las int\u00e9rpretes m\u00e1s queridas y relevantes de la escena espa\u00f1ola.<\/p>\n<p>El c\u00f3digo iframe se ha copiado en el portapapeles<\/p>\n<p class=\"tit\">En recuerdo de Concha Velasco<\/p>\n<p>00:00:0011:41<\/p>\n<p>FacebookTwitterLinkedinWhatsAppCerrar<\/p>\n<p>El acto, celebrado ha contado con la participaci\u00f3n del alcalde de Valladolid, Jes\u00fas Julio Carnero, los hijos de la artista y otros miembros de su familia. La inauguraci\u00f3n ha coincidido de manera intencionada con la fecha del cumplea\u00f1os de Concha Velasco. de cuyo fallecimiento se cumplir\u00e1n dos a\u00f1os el 7 de diciembre.<\/p>\n<p>La exposici\u00f3n se instala en un lugar muy simb\u00f3lico: el Teatro Calder\u00f3n, un espacio que la propia Concha Velasco defini\u00f3 en numerosas ocasiones como \u201csu casa\u201d. En la fachada del edificio puede leerse a\u00fan la frase elegida por la actriz, \u201c\u00a1Mam\u00e1, quiero ser artista!\u201d, reflejo del v\u00ednculo profundo que mantuvo siempre con su ciudad natal y con este teatro, en el que trabaj\u00f3 en numerosas ocasiones y al que profesaba un afecto especial.<\/p>\n<p>Toda una vida sobre los escenarios<\/p>\n<p>El recorrido expositivo re\u00fane una amplia representaci\u00f3n de distinciones recibidas a lo largo de su trayectoria, aproximadamente una veintena, entre las que se encuentran, entre otros reconocimientos, ordenados por orden cronol\u00f3gico: el Premio Naranja del Cine Espa\u00f1ol (1966); el Premio de la Cr\u00edtica de Teatro Antena 3; diversos galardones obtenidos en la Semana Internacional de Cine de Valladolid (SEMINCI), incluida la Espiga de Honor (1986); la Medalla de Oro al M\u00e9rito en las Bellas Artes (1987); el Faro de Plata (2000); los Premios ATEA (2002); el Premio El Norte de Castilla (2005); el Premio Sant Jordi (2009); el IV Premio Patio de Comedias (2016); la Gran Cruz de Alfonso X el Sabio (2016); el Premio Jos\u00e9 Estruch (2017); el Premio Duende Zahor\u00ed (2018); el Premio Max de Honor (2019); la Medalla de Honor de los Amigos de Teatros Hist\u00f3ricos (2020); el Premio de Honor del Festival de Cine de Astorga (2022); y la placa representativa de las numerosas butacas que llevan su nombre en teatros de toda Espa\u00f1a.<\/p>\n<p>La familia ha expresado tambi\u00e9n su voluntad de incorporar en el futuro el Premio Huellas de Santa Teresa a este espacio expositivo, un reconocimiento que le fue entregado a Concha Velasco a t\u00edtulo p\u00f3stumo el pasado 27 de marzo de 2025.<\/p>\n","protected":false},"excerpt":{"rendered":"Valladolid Aunque lleva semanas instalado en uno de los espacios m\u00e1s especiales del principal espacio esc\u00e9nico de su&hellip;\n","protected":false},"author":2,"featured_media":262452,"comment_status":"","ping_status":"","sticky":false,"template":"","format":"standard","meta":{"footnotes":""},"categories":[91],"tags":[146,147,25,24,23],"class_list":{"0":"post-262451","1":"post","2":"type-post","3":"status-publish","4":"format-standard","5":"has-post-thumbnail","7":"category-entretenimiento","8":"tag-entertainment","9":"tag-entretenimiento","10":"tag-es","11":"tag-espana","12":"tag-spain"},"share_on_mastodon":{"url":"https:\/\/pubeurope.com\/@es\/115634433358354090","error":""},"_links":{"self":[{"href":"https:\/\/www.europesays.com\/es\/wp-json\/wp\/v2\/posts\/262451","targetHints":{"allow":["GET"]}}],"collection":[{"href":"https:\/\/www.europesays.com\/es\/wp-json\/wp\/v2\/posts"}],"about":[{"href":"https:\/\/www.europesays.com\/es\/wp-json\/wp\/v2\/types\/post"}],"author":[{"embeddable":true,"href":"https:\/\/www.europesays.com\/es\/wp-json\/wp\/v2\/users\/2"}],"replies":[{"embeddable":true,"href":"https:\/\/www.europesays.com\/es\/wp-json\/wp\/v2\/comments?post=262451"}],"version-history":[{"count":0,"href":"https:\/\/www.europesays.com\/es\/wp-json\/wp\/v2\/posts\/262451\/revisions"}],"wp:featuredmedia":[{"embeddable":true,"href":"https:\/\/www.europesays.com\/es\/wp-json\/wp\/v2\/media\/262452"}],"wp:attachment":[{"href":"https:\/\/www.europesays.com\/es\/wp-json\/wp\/v2\/media?parent=262451"}],"wp:term":[{"taxonomy":"category","embeddable":true,"href":"https:\/\/www.europesays.com\/es\/wp-json\/wp\/v2\/categories?post=262451"},{"taxonomy":"post_tag","embeddable":true,"href":"https:\/\/www.europesays.com\/es\/wp-json\/wp\/v2\/tags?post=262451"}],"curies":[{"name":"wp","href":"https:\/\/api.w.org\/{rel}","templated":true}]}}