{"id":262455,"date":"2025-11-29T18:38:13","date_gmt":"2025-11-29T18:38:13","guid":{"rendered":"https:\/\/www.europesays.com\/es\/262455\/"},"modified":"2025-11-29T18:38:13","modified_gmt":"2025-11-29T18:38:13","slug":"partido-afd-funda-nueva-organizacion-juvenil-en-alemania-dw-29-11-2025","status":"publish","type":"post","link":"https:\/\/www.europesays.com\/es\/262455\/","title":{"rendered":"Partido AfD funda nueva organizaci\u00f3n juvenil en Alemania \u2013 DW \u2013 29\/11\/2025"},"content":{"rendered":"<p>En medio de protestas masivas, el partido de extrema derecha <a class=\"internal-link\" href=\"https:\/\/www.dw.com\/es\/afd\/t-19528111\" rel=\"nofollow noopener\" target=\"_blank\">Alternativa para Alemania (AfD)<\/a> fund\u00f3 este s\u00e1bado (29.11.2025) su nueva organizaci\u00f3n juvenil, Generaci\u00f3n <a class=\"internal-link\" href=\"https:\/\/www.dw.com\/es\/alemania\/t-17411625\" rel=\"nofollow noopener\" target=\"_blank\">Alemania<\/a>, en Giessen.<\/p>\n<p>En el congreso fundacional, m\u00e1s de 800 participantes aprobaron una carta que define las normas para el rol y el trabajo de la nueva agrupaci\u00f3n, que a diferencia de su predecesora\u00a0Junge Alternative (Alternativa Joven)\u00a0busca estar estrechamente vinculada a la AfD.<\/p>\n<p>Varias personas con heridas leves fueron atendidas en el hospital universitario de la ciudad durante las manifestaciones contra la fundaci\u00f3n del nuevo grupo.<\/p>\n<p>Entre 10 y 15 agentes tambi\u00e9n sufrieron heridas leves, seg\u00fan la polic\u00eda.<\/p>\n<p>rr dpa\/afp<\/p>\n","protected":false},"excerpt":{"rendered":"En medio de protestas masivas, el partido de extrema derecha Alternativa para Alemania (AfD) fund\u00f3 este s\u00e1bado (29.11.2025)&hellip;\n","protected":false},"author":2,"featured_media":262456,"comment_status":"","ping_status":"","sticky":false,"template":"","format":"standard","meta":{"footnotes":""},"categories":[42],"tags":[17,18,13,14,11,61,62,63,64,19,20,9,10,15,16,12,21,22,65,66,67],"class_list":{"0":"post-262455","1":"post","2":"type-post","3":"status-publish","4":"format-standard","5":"has-post-thumbnail","7":"category-internacional","8":"tag-breaking-news","9":"tag-breakingnews","10":"tag-featured-news","11":"tag-featurednews","12":"tag-headlines","13":"tag-internacional","14":"tag-international","15":"tag-international-news","16":"tag-internationalnews","17":"tag-latest-news","18":"tag-latestnews","19":"tag-news","20":"tag-noticias","21":"tag-noticias-destacadas","22":"tag-noticiasdestacadas","23":"tag-titulares","24":"tag-ultimas-noticias","25":"tag-ultimasnoticias","26":"tag-world","27":"tag-world-news","28":"tag-worldnews"},"share_on_mastodon":{"url":"https:\/\/pubeurope.com\/@es\/115634445038146879","error":""},"_links":{"self":[{"href":"https:\/\/www.europesays.com\/es\/wp-json\/wp\/v2\/posts\/262455","targetHints":{"allow":["GET"]}}],"collection":[{"href":"https:\/\/www.europesays.com\/es\/wp-json\/wp\/v2\/posts"}],"about":[{"href":"https:\/\/www.europesays.com\/es\/wp-json\/wp\/v2\/types\/post"}],"author":[{"embeddable":true,"href":"https:\/\/www.europesays.com\/es\/wp-json\/wp\/v2\/users\/2"}],"replies":[{"embeddable":true,"href":"https:\/\/www.europesays.com\/es\/wp-json\/wp\/v2\/comments?post=262455"}],"version-history":[{"count":0,"href":"https:\/\/www.europesays.com\/es\/wp-json\/wp\/v2\/posts\/262455\/revisions"}],"wp:featuredmedia":[{"embeddable":true,"href":"https:\/\/www.europesays.com\/es\/wp-json\/wp\/v2\/media\/262456"}],"wp:attachment":[{"href":"https:\/\/www.europesays.com\/es\/wp-json\/wp\/v2\/media?parent=262455"}],"wp:term":[{"taxonomy":"category","embeddable":true,"href":"https:\/\/www.europesays.com\/es\/wp-json\/wp\/v2\/categories?post=262455"},{"taxonomy":"post_tag","embeddable":true,"href":"https:\/\/www.europesays.com\/es\/wp-json\/wp\/v2\/tags?post=262455"}],"curies":[{"name":"wp","href":"https:\/\/api.w.org\/{rel}","templated":true}]}}