{"id":262457,"date":"2025-11-29T18:39:11","date_gmt":"2025-11-29T18:39:11","guid":{"rendered":"https:\/\/www.europesays.com\/es\/262457\/"},"modified":"2025-11-29T18:39:11","modified_gmt":"2025-11-29T18:39:11","slug":"detenido-el-agresor-de-dos-activistas-de-femen-en-un-acto-por-franco","status":"publish","type":"post","link":"https:\/\/www.europesays.com\/es\/262457\/","title":{"rendered":"Detenido el agresor de dos activistas de Femen en un acto por Franco"},"content":{"rendered":"<p> La Polic\u00eda Nacional ha detenido al <strong>presunto agresor de dos activistas de Femen<\/strong> que denunciaron que fueron agredidas sexualmente durante un acto el pasado 20 de noviembre en la puerta de una abarrotada parroquia de los Doce Ap\u00f3stoles, en Madrid, donde la familia de Francisco Franco y su fundaci\u00f3n hab\u00edan organizado una misa con motivo del <a href=\"https:\/\/www.rtve.es\/noticias\/especial-50-anos-fin-franquismo\/\" rel=\"nofollow noopener\" target=\"_blank\">50 aniversario de la muerte del dictador<\/a>.<\/p>\n<p>El delegado del Gobierno en la Comunidad de Madrid ha confirmado a RNE esta detenci\u00f3n y ha aseverado su \u00abcompromiso firme\u00bb contra la violencia sexual, la defensa de los derechos de las mujeres y la garant\u00eda del libre ejercicio del derecho de manifestaci\u00f3n y reuni\u00f3n, sin coacciones ni agresiones.<\/p>\n<p>Los hechos ocurrieron el 20 de noviembre cuando dichas activistas acudieron a la parroquia al grito de \u00abFascismo legal, verg\u00fcenza nacional\u00bb, \u00abAl fascismo, ni honor ni gloria\u00bb y pancartas, siendo recriminadas por los asistentes que llegaban en ese momento, entre ellos <strong>un hombre que trat\u00f3 de interceptarlas mientras portaba una bandera preconstitucional<\/strong> y les toc\u00f3 los pechos.<\/p>\n<p>El detenido es el vendedor de un puesto de merchandising de productos de la Falange y de la dictadura franquista.<\/p>\n<p>\u00abSe\u00f1or, que no toque, que no toque\u00bb, le espetaron las activistas, a quienes <strong>una mujer logr\u00f3 arrebatar una de las pancartas<\/strong> y quienes recibieron alg\u00fan empuj\u00f3n, insultos y tocamientos.<\/p>\n<p>Finalmente, las dos j\u00f3venes se han marcharon por su propio pie de la zona tras la <strong>protesta, que apenas dur\u00f3 unos minutos<\/strong>. <\/p>\n","protected":false},"excerpt":{"rendered":"La Polic\u00eda Nacional ha detenido al presunto agresor de dos activistas de Femen que denunciaron que fueron agredidas&hellip;\n","protected":false},"author":2,"featured_media":262458,"comment_status":"","ping_status":"","sticky":false,"template":"","format":"standard","meta":{"footnotes":""},"categories":[8],"tags":[17,18,25,24,13,14,11,19,20,9,10,15,16,23,12,21,22],"class_list":{"0":"post-262457","1":"post","2":"type-post","3":"status-publish","4":"format-standard","5":"has-post-thumbnail","7":"category-espana","8":"tag-breaking-news","9":"tag-breakingnews","10":"tag-es","11":"tag-espana","12":"tag-featured-news","13":"tag-featurednews","14":"tag-headlines","15":"tag-latest-news","16":"tag-latestnews","17":"tag-news","18":"tag-noticias","19":"tag-noticias-destacadas","20":"tag-noticiasdestacadas","21":"tag-spain","22":"tag-titulares","23":"tag-ultimas-noticias","24":"tag-ultimasnoticias"},"share_on_mastodon":{"url":"https:\/\/pubeurope.com\/@es\/115634449046355789","error":""},"_links":{"self":[{"href":"https:\/\/www.europesays.com\/es\/wp-json\/wp\/v2\/posts\/262457","targetHints":{"allow":["GET"]}}],"collection":[{"href":"https:\/\/www.europesays.com\/es\/wp-json\/wp\/v2\/posts"}],"about":[{"href":"https:\/\/www.europesays.com\/es\/wp-json\/wp\/v2\/types\/post"}],"author":[{"embeddable":true,"href":"https:\/\/www.europesays.com\/es\/wp-json\/wp\/v2\/users\/2"}],"replies":[{"embeddable":true,"href":"https:\/\/www.europesays.com\/es\/wp-json\/wp\/v2\/comments?post=262457"}],"version-history":[{"count":0,"href":"https:\/\/www.europesays.com\/es\/wp-json\/wp\/v2\/posts\/262457\/revisions"}],"wp:featuredmedia":[{"embeddable":true,"href":"https:\/\/www.europesays.com\/es\/wp-json\/wp\/v2\/media\/262458"}],"wp:attachment":[{"href":"https:\/\/www.europesays.com\/es\/wp-json\/wp\/v2\/media?parent=262457"}],"wp:term":[{"taxonomy":"category","embeddable":true,"href":"https:\/\/www.europesays.com\/es\/wp-json\/wp\/v2\/categories?post=262457"},{"taxonomy":"post_tag","embeddable":true,"href":"https:\/\/www.europesays.com\/es\/wp-json\/wp\/v2\/tags?post=262457"}],"curies":[{"name":"wp","href":"https:\/\/api.w.org\/{rel}","templated":true}]}}