{"id":262459,"date":"2025-11-29T18:40:15","date_gmt":"2025-11-29T18:40:15","guid":{"rendered":"https:\/\/www.europesays.com\/es\/262459\/"},"modified":"2025-11-29T18:40:15","modified_gmt":"2025-11-29T18:40:15","slug":"la-policia-nacional-investiga-la-muerte-de-dos-adolescentes-en-jaen","status":"publish","type":"post","link":"https:\/\/www.europesays.com\/es\/262459\/","title":{"rendered":"La Polic\u00eda Nacional investiga la muerte de dos adolescentes en Ja\u00e9n"},"content":{"rendered":"<p class=\"L6-news-detail__text\">Tr\u00e1gico suceso en Ja\u00e9n. La <b><a title=\"Polic\u00eda Nacional\" href=\"https:\/\/www.lasexta.com\/temas\/policia_nacional-1\" target=\"_blank\" rel=\"nofollow noopener\">Polic\u00eda Nacional<\/a><\/b> investiga la <b>muerte de dos adolescentes<\/b>, de 15 y 16 a\u00f1os, en el Parque de la Concordia de <b><a title=\"Ja\u00e9n\" href=\"https:\/\/www.lasexta.com\/temas\/jaen-1\" target=\"_blank\" rel=\"nofollow noopener\">Ja\u00e9n<\/a><\/b>. Los cuerpos han sido localizados durante la madrugada de este s\u00e1bado, pasadas las 1:30 horas.<\/p>\n<p class=\"L6-news-detail__text\">El <b>Servicio del 112<\/b> ha alertado de este suceso, que ha tenido lugar en pleno centro de la ciudad. Por el momento, <b>se desconocen las causas<\/b> y la Polic\u00eda ha abierto una investigaci\u00f3n para esclarecer lo ocurrido. En esta l\u00ednea, no descartan que se trate de un suicidio.<\/p>\n<p class=\"L6-news-detail__text\">La subdelegaci\u00f3n del Gobierno ha confirmado a laSexta que la investigaci\u00f3n est\u00e1<b> bajo secreto de sumario<\/b>. Fuentes policiales han se\u00f1alado que en una primera inspecci\u00f3n ocular <b>no se aprecian signos de violencia externa<\/b> y parece ser que se descartar\u00eda la participaci\u00f3n de terceras personas.<\/p>\n<p class=\"L6-news-detail__text\">Agust\u00edn Gonz\u00e1lez, portavoz del Partido Popular en Ja\u00e9n, ha publicado en sus redes sociales que est\u00e1 \u00ab<b>consternado<\/b> ante esta triste noticia\u00bb: \u00abQuiero enviarles todo mi apoyo y compartir el dolor con sus familias\u00bb.<\/p>\n<p class=\"L6-news-detail__text\">El Ayuntamiento de la ciudad y su alcalde, Julio Mill\u00e1n, tambi\u00e9n han trasladado sus condolencias y han pedido respeto para permitir que contin\u00fae la investigaci\u00f3n. As\u00ed, han decretado <b>tres d\u00edas de luto<\/b> y han anunciado que el lunes a las 12:00 horas se guardar\u00e1 un minuto de silencio en la puerta del Consistorio.<\/p>\n<p class=\"L6-news-detail__text\"><b><a title=\"*Sigue a laSexta en Google. Toda la actualidad y el mejor contenido aqu\u00ed.\" href=\"https:\/\/profile.google.com\/cp\/CgkvbS8wZG5xejA\" target=\"_blank\" rel=\"nofollow noopener\">*Sigue a laSexta en Google. Toda la actualidad y el mejor contenido aqu\u00ed.<\/a><\/b><\/p>\n<p class=\"L6-support-news-video__title\">En libertad<\/p>\n<p>            <a href=\"https:\/\/www.lasexta.com\/noticias\/sociedad\/exmonjas-belorado-niegan-haber-vendido-patrimonio-monasterio-pero-justifican-que-todo-mundo-hace-sus-bienes-mejor-familia_20251128692a17a455584d48fb620c7e.html\" class=\"L6-news__link\" rel=\"nofollow noopener\" target=\"_blank\"><br \/>\n                Las exmonjas de Belorado niegan haber vendido patrimonio del monasterio pero justifican que \u00abtodo el mundo hace con sus bienes lo mejor para su familia\u00bb<\/p>\n<p class=\"recirculation-video-desc\">Entre l\u00edneas Seg\u00fan la Guardia Civil, habr\u00edan vendido piezas de car\u00e1cter hist\u00f3rico, un procedimiento que para sus compa\u00f1eras de convento entra dentro de la normalidad. Porque consideran que las piezas son de su propiedad, y no de la Iglesia.<\/p>\n<p>            <\/a><\/p>\n","protected":false},"excerpt":{"rendered":"Tr\u00e1gico suceso en Ja\u00e9n. La Polic\u00eda Nacional investiga la muerte de dos adolescentes, de 15 y 16 a\u00f1os,&hellip;\n","protected":false},"author":2,"featured_media":250391,"comment_status":"","ping_status":"","sticky":false,"template":"","format":"standard","meta":{"footnotes":""},"categories":[5],"tags":[17,18,25,24,13,14,11,19,20,9,10,15,16,23,12,21,22],"class_list":{"0":"post-262459","1":"post","2":"type-post","3":"status-publish","4":"format-standard","5":"has-post-thumbnail","7":"category-titulares","8":"tag-breaking-news","9":"tag-breakingnews","10":"tag-es","11":"tag-espana","12":"tag-featured-news","13":"tag-featurednews","14":"tag-headlines","15":"tag-latest-news","16":"tag-latestnews","17":"tag-news","18":"tag-noticias","19":"tag-noticias-destacadas","20":"tag-noticiasdestacadas","21":"tag-spain","22":"tag-titulares","23":"tag-ultimas-noticias","24":"tag-ultimasnoticias"},"share_on_mastodon":{"url":"https:\/\/pubeurope.com\/@es\/115634452801793770","error":""},"_links":{"self":[{"href":"https:\/\/www.europesays.com\/es\/wp-json\/wp\/v2\/posts\/262459","targetHints":{"allow":["GET"]}}],"collection":[{"href":"https:\/\/www.europesays.com\/es\/wp-json\/wp\/v2\/posts"}],"about":[{"href":"https:\/\/www.europesays.com\/es\/wp-json\/wp\/v2\/types\/post"}],"author":[{"embeddable":true,"href":"https:\/\/www.europesays.com\/es\/wp-json\/wp\/v2\/users\/2"}],"replies":[{"embeddable":true,"href":"https:\/\/www.europesays.com\/es\/wp-json\/wp\/v2\/comments?post=262459"}],"version-history":[{"count":0,"href":"https:\/\/www.europesays.com\/es\/wp-json\/wp\/v2\/posts\/262459\/revisions"}],"wp:featuredmedia":[{"embeddable":true,"href":"https:\/\/www.europesays.com\/es\/wp-json\/wp\/v2\/media\/250391"}],"wp:attachment":[{"href":"https:\/\/www.europesays.com\/es\/wp-json\/wp\/v2\/media?parent=262459"}],"wp:term":[{"taxonomy":"category","embeddable":true,"href":"https:\/\/www.europesays.com\/es\/wp-json\/wp\/v2\/categories?post=262459"},{"taxonomy":"post_tag","embeddable":true,"href":"https:\/\/www.europesays.com\/es\/wp-json\/wp\/v2\/tags?post=262459"}],"curies":[{"name":"wp","href":"https:\/\/api.w.org\/{rel}","templated":true}]}}