{"id":262460,"date":"2025-11-29T18:45:18","date_gmt":"2025-11-29T18:45:18","guid":{"rendered":"https:\/\/www.europesays.com\/es\/262460\/"},"modified":"2025-11-29T18:45:18","modified_gmt":"2025-11-29T18:45:18","slug":"alexander-bublik-penso-en-dejar-el-tenis-en-2025","status":"publish","type":"post","link":"https:\/\/www.europesays.com\/es\/262460\/","title":{"rendered":"Alexander Bublik pens\u00f3 en dejar el tenis en 2025"},"content":{"rendered":"<p class=\"quota-display text-align-center\">\n        <a href=\"https:\/\/www.puntodebreak.com\/MDBA-B3-PDB-QUOTA-25\" rel=\"sponsored nofollow noopener\" title=\"Apuesta en bet365\" target=\"_blank\"><\/p>\n<p>            <img decoding=\"async\" alt=\"Bet365\" class=\"bet-logo lazyload\" loading=\"lazy\" src=\"https:\/\/www.europesays.com\/es\/wp-content\/uploads\/2025\/11\/1764017829_940_b365.jpg\"\/>Streaming WTA Buenos Aires en directo<\/p>\n<p> \ud83c\udfbe Mayar Sherif vs Varvara Lepchenko<\/p>\n<ol class=\"stream-card__steps\">\n<li>Entra aqu\u00ed y reg\u00edstrate en Bet365<\/li>\n<li>Haz tu primer dep\u00f3sito de m\u00ednimo 5\u00a0\u20ac<\/li>\n<li>Entra en la secci\u00f3n \u00abDirecto\u00bb y ve todos los partidos<\/li>\n<\/ol>\n<p>\n                                Ver partido en Bet365\n                            <\/p>\n<p>        <\/a>\n      <\/p>\n<p class=\"text-align-justify\">Qu\u00e9 alegr\u00eda que esta temporada se est\u00e9 hablando tanto de <a href=\"https:\/\/www.puntodebreak.com\/tenis\/alexander-bublik\" rel=\"nofollow noopener\" target=\"_blank\"><b>Alexander Bublik<\/b><\/a> y casi nunca por motivos negativos. El kazajo rompi\u00f3 su propio cascar\u00f3n en este 2025, acechando el top10 y enfoc\u00e1ndose d\u00eda a d\u00eda en ser profesional. Sin embargo, no todo fue de color de rosa.<\/p>\n<p class=\"text-align-justify\">Han tenido que venir los compa\u00f1eros de <a href=\"https:\/\/www.tennismagazin.de\/interview\/alexander-bublik-ich-wollte-meine-karriere-schon-beenden\/\" rel=\"nofollow noopener\" target=\"_blank\"><b>Tennis Magazin<\/b><\/a> para sacar el gran titular de <b>Alexander Bublik<\/b> esta temporada. Y no, no est\u00e1 relacionado con sus t\u00edtulos, ni con sus victorias, ni con la ilusi\u00f3n que despert\u00f3 en el \u00faltimo tramo del calendario cuando confesaba abiertamente su objetivo de pisar el top10. Sus declaraciones m\u00e1s sorprendentes apuntan directamente al primer trimestre del a\u00f1o, cuando una bajada severa en el ranking le hizo plantearse si merec\u00eda la pena seguir jugando o no. \u00bfC\u00f3mo? Como lo oyen, a punto estuvimos de quedarnos sin disfrutar de su mejor versi\u00f3n.<\/p>\n<p class=\"text-align-justify\">\u201cAcab\u00e9 muy insatisfecho conmigo mismo al final de la temporada pasada, incluso a principios de esta. De hecho,<b> consider\u00e9 finalizar mi carrera porque ten\u00eda la preocupaci\u00f3n de salir del top100, eso lo habr\u00eda cambiado todo<\/b>\u201d, se\u00f1ala el de 28 a\u00f1os ya con la tranquilidad de haber dado carpetazo a un curso inolvidable. \u201cDespu\u00e9s de Indian Wells, me fui a Las Vegas durante tres d\u00edas para desconectar, pero lo cierto es que me fui bastante preocupado. Desde entonces, fue como empezar una misi\u00f3n\u201d, a\u00f1ade.<\/p>\n<p class=\"text-align-justify\">\u00bfY qu\u00e9 cambi\u00f3 en el d\u00eda de Sascha? Seguramente, cambi\u00f3 todo. \u201cIntent\u00e9 mantener la variedad de mi juego, de repente me volv\u00ed mucho m\u00e1s estable. Tambi\u00e9n un poco mis entrenamientos, por ejemplo, mejorando mucho mi derecha, especialmente sobre tierra batida. Gan\u00e9 mucha confianza en m\u00ed mismo en los torneos Challenger, luchando por volver arriba en las clasificaciones. Mejor\u00e9 mi forma f\u00edsica, adem\u00e1s un cambio de raqueta que fue clave, un modelo mucho m\u00e1s ligero fijando el peso en 291 gramos\u201d, explica el kazajo adentr\u00e1ndose incluso en el apartado m\u00e1s t\u00e9cnico.<\/p>\n<p><b>El dato que une a Bublik,\u00a0Sinner y Alcaraz en este 2025<\/b><\/p>\n<p class=\"text-align-justify\">Con un balance de 37-22 durante estos once meses, Bublik encontr\u00f3 la manera de exprimir al m\u00e1ximo sus intervenciones en el circuito, ascendiendo hasta el puesto N\u00ba11 del ranking mundial. Apenas 120 puntos le faltaron para romper esa barrera del top10, aunque tampoco crean que se fue de vac\u00edo. Con sus <b>t\u00edtulos en Halle, Gstaad, Kitzb\u00fchel y Hangzhou<\/b>, solamente Carlos Alcaraz y Jannik Sinner pueden presumir de haber levantado cuatro trofeos este a\u00f1o. \u00c9l, adem\u00e1s, lo hizo en tres superficies diferentes.<\/p>\n<p><img decoding=\"async\" alt=\"Alexander Bublik pens\u00f3 en retirarse en 2025. Fuente: Getty\" data-entity-type=\"file\" data-entity-uuid=\"3ece17cd-7429-441a-aa97-1f5359826448\" class=\"align-center lazyload\" width=\"642\" height=\"415\" loading=\"lazy\" src=\"https:\/\/www.europesays.com\/es\/wp-content\/uploads\/2025\/11\/Alexander-Bublik-Resumen-Mejor-Temporada-2025.png\"\/><\/p>\n<p class=\"text-align-justify\">\u00a0<\/p>\n<p class=\"text-align-justify\">\u201cNo sab\u00eda este dato, para m\u00ed es la confirmaci\u00f3n de que estoy en el camino correcto. Mi objetivo ahora mismo es ser tp10, ser\u00eda un sue\u00f1o si consigo alcanzar esta meta alg\u00fan d\u00eda. Ahora tengo la sensaci\u00f3n de que si uso todo mi potencial, si sigo trabajando con esta concentraci\u00f3n, realmente puedo hacerlo\u201d, subray\u00f3 el de 28 a\u00f1os.<\/p>\n","protected":false},"excerpt":{"rendered":"Streaming WTA Buenos Aires en directo \ud83c\udfbe Mayar Sherif vs Varvara Lepchenko Entra aqu\u00ed y reg\u00edstrate en Bet365&hellip;\n","protected":false},"author":2,"featured_media":262461,"comment_status":"","ping_status":"","sticky":false,"template":"","format":"standard","meta":{"footnotes":""},"categories":[274],"tags":[168,25,24,23,167,327,326],"class_list":{"0":"post-262460","1":"post","2":"type-post","3":"status-publish","4":"format-standard","5":"has-post-thumbnail","7":"category-tenis","8":"tag-deportes","9":"tag-es","10":"tag-espana","11":"tag-spain","12":"tag-sports","13":"tag-tenis","14":"tag-tennis"},"share_on_mastodon":{"url":"https:\/\/pubeurope.com\/@es\/115634473139716878","error":""},"_links":{"self":[{"href":"https:\/\/www.europesays.com\/es\/wp-json\/wp\/v2\/posts\/262460","targetHints":{"allow":["GET"]}}],"collection":[{"href":"https:\/\/www.europesays.com\/es\/wp-json\/wp\/v2\/posts"}],"about":[{"href":"https:\/\/www.europesays.com\/es\/wp-json\/wp\/v2\/types\/post"}],"author":[{"embeddable":true,"href":"https:\/\/www.europesays.com\/es\/wp-json\/wp\/v2\/users\/2"}],"replies":[{"embeddable":true,"href":"https:\/\/www.europesays.com\/es\/wp-json\/wp\/v2\/comments?post=262460"}],"version-history":[{"count":0,"href":"https:\/\/www.europesays.com\/es\/wp-json\/wp\/v2\/posts\/262460\/revisions"}],"wp:featuredmedia":[{"embeddable":true,"href":"https:\/\/www.europesays.com\/es\/wp-json\/wp\/v2\/media\/262461"}],"wp:attachment":[{"href":"https:\/\/www.europesays.com\/es\/wp-json\/wp\/v2\/media?parent=262460"}],"wp:term":[{"taxonomy":"category","embeddable":true,"href":"https:\/\/www.europesays.com\/es\/wp-json\/wp\/v2\/categories?post=262460"},{"taxonomy":"post_tag","embeddable":true,"href":"https:\/\/www.europesays.com\/es\/wp-json\/wp\/v2\/tags?post=262460"}],"curies":[{"name":"wp","href":"https:\/\/api.w.org\/{rel}","templated":true}]}}