{"id":262462,"date":"2025-11-29T18:48:15","date_gmt":"2025-11-29T18:48:15","guid":{"rendered":"https:\/\/www.europesays.com\/es\/262462\/"},"modified":"2025-11-29T18:48:15","modified_gmt":"2025-11-29T18:48:15","slug":"el-casademont-contara-con-el-techo-de-la-acb","status":"publish","type":"post","link":"https:\/\/www.europesays.com\/es\/262462\/","title":{"rendered":"El Casademont contar\u00e1 con el techo de la ACB"},"content":{"rendered":"<p data-gtm-element-container=\"modulo-texto-link\" class=\"paragraph\"><strong>Casademont <\/strong>Zaragoza anunci\u00f3 la incorporaci\u00f3n de <strong>Khalifa Koumadje<\/strong>. El p\u00edvot chadiano, de 2,24 metros de altura, se une al equipo hasta el final de la presente temporada, reforzando el juego interior del conjunto dirigido por <strong>Jes\u00fas Ram\u00edrez<\/strong>.<\/p>\n<p data-gtm-element-container=\"modulo-texto-link\" class=\"paragraph\">Nacido en <strong>Chad <\/strong>en 1996, <strong>Koumadje <\/strong>se convierte en uno de los jugadores m\u00e1s altos de la Liga Endesa. Su presencia est\u00e1 destinada a aportar capacidad de rebote e intimidaci\u00f3n en la zona, siendo un jugador que condiciona el ataque rival y destaca por su habilidad para jugar por encima del aro. Con su llegada se convertir\u00e1 en el jugador de mayor estatura de la liga esta temporada.<\/p>\n<p>        Lee tambi\u00e9n<\/p>\n<p>    Juli\u00e1n Felipo<\/p>\n<p>             <img loading=\"lazy\" decoding=\"async\" data-full-src=\"https:\/\/www.mundodeportivo.com\/uploads\/2025\/11\/29\/692b17275f7c9.jpeg\" alt=\"FEB\" width=\"334\" height=\"164\" src=\"https:\/\/www.europesays.com\/es\/wp-content\/uploads\/2025\/11\/692b17275f7c9.jpeg\" class=\"lazy\"\/><\/p>\n<p data-gtm-element-container=\"modulo-texto-link\" class=\"paragraph\"><strong>Koumadje <\/strong>cuenta con una dilatada trayectoria profesional, habiendo disputado 89 partidos en cinco temporadas en la Euroliga. Durante su paso por el <strong>Alba Berl\u00edn<\/strong>, su rendimiento fue especialmente notable, consolidando su experiencia en la m\u00e1xima competici\u00f3n europea.<\/p>\n<p data-gtm-element-container=\"modulo-texto-link\" class=\"paragraph\">Su carrera abarca ligas en Espa\u00f1a, donde jug\u00f3 con <strong>Estudiantes<\/strong>, as\u00ed como en <strong>Rusia<\/strong>, <strong>China <\/strong>y la G <strong>League<\/strong>. Previamente, complet\u00f3 su formaci\u00f3n universitaria en la <strong>NCAA <\/strong>con <strong>Florida State <\/strong>en 2019, sumando una trayectoria internacional diversa a su perfil.<\/p>\n","protected":false},"excerpt":{"rendered":"Casademont Zaragoza anunci\u00f3 la incorporaci\u00f3n de Khalifa Koumadje. El p\u00edvot chadiano, de 2,24 metros de altura, se une&hellip;\n","protected":false},"author":2,"featured_media":262463,"comment_status":"","ping_status":"","sticky":false,"template":"","format":"standard","meta":{"footnotes":""},"categories":[269],"tags":[299,298,168,25,24,23,167],"class_list":{"0":"post-262462","1":"post","2":"type-post","3":"status-publish","4":"format-standard","5":"has-post-thumbnail","7":"category-baloncesto","8":"tag-baloncesto","9":"tag-basketball","10":"tag-deportes","11":"tag-es","12":"tag-espana","13":"tag-spain","14":"tag-sports"},"share_on_mastodon":{"url":"https:\/\/pubeurope.com\/@es\/115634484656401436","error":""},"_links":{"self":[{"href":"https:\/\/www.europesays.com\/es\/wp-json\/wp\/v2\/posts\/262462","targetHints":{"allow":["GET"]}}],"collection":[{"href":"https:\/\/www.europesays.com\/es\/wp-json\/wp\/v2\/posts"}],"about":[{"href":"https:\/\/www.europesays.com\/es\/wp-json\/wp\/v2\/types\/post"}],"author":[{"embeddable":true,"href":"https:\/\/www.europesays.com\/es\/wp-json\/wp\/v2\/users\/2"}],"replies":[{"embeddable":true,"href":"https:\/\/www.europesays.com\/es\/wp-json\/wp\/v2\/comments?post=262462"}],"version-history":[{"count":0,"href":"https:\/\/www.europesays.com\/es\/wp-json\/wp\/v2\/posts\/262462\/revisions"}],"wp:featuredmedia":[{"embeddable":true,"href":"https:\/\/www.europesays.com\/es\/wp-json\/wp\/v2\/media\/262463"}],"wp:attachment":[{"href":"https:\/\/www.europesays.com\/es\/wp-json\/wp\/v2\/media?parent=262462"}],"wp:term":[{"taxonomy":"category","embeddable":true,"href":"https:\/\/www.europesays.com\/es\/wp-json\/wp\/v2\/categories?post=262462"},{"taxonomy":"post_tag","embeddable":true,"href":"https:\/\/www.europesays.com\/es\/wp-json\/wp\/v2\/tags?post=262462"}],"curies":[{"name":"wp","href":"https:\/\/api.w.org\/{rel}","templated":true}]}}