{"id":262466,"date":"2025-11-29T18:50:11","date_gmt":"2025-11-29T18:50:11","guid":{"rendered":"https:\/\/www.europesays.com\/es\/262466\/"},"modified":"2025-11-29T18:50:11","modified_gmt":"2025-11-29T18:50:11","slug":"los-herederos-de-shannen-doherty-reclaman-a-su-exmarido-una-casa-y-miles-de-dolares","status":"publish","type":"post","link":"https:\/\/www.europesays.com\/es\/262466\/","title":{"rendered":"Los herederos de Shannen Doherty reclaman a su exmarido una casa y miles de d\u00f3lares"},"content":{"rendered":"<p data-gtm-element-container=\"modulo-texto-link\" class=\"paragraph\">Un a\u00f1o y medio despu\u00e9s de su fallecimiento, la herencia de Shannen Doherty sigue envuelta en una encrucijada que no da se\u00f1ales de resolverse. La actriz estadounidense, conocida por los personajes de Brenda Walsh en \u2018Sensaci\u00f3n de vivir\u2019 y a Prue Halliwell en \u2018Embrujadas\u2019, dej\u00f3 tras de s\u00ed un patrimonio que hoy se ve manchado por una disputa sucesoria a\u00fan abierta.\u00a0<\/p>\n<p data-gtm-element-container=\"modulo-texto-link\" class=\"paragraph\">Sus herederos han presentado una nueva moci\u00f3n en la que acusan a su exmarido, el fot\u00f3grafo Kurt Iswarienko, de incumplir varias disposiciones del acuerdo de divorcio que ambos firmaron en julio de 2024, apenas un d\u00eda antes de la muerte de la actriz.<\/p>\n<p>        Lee tambi\u00e9n<\/p>\n<p>    Paula Melia<\/p>\n<p>             <img loading=\"lazy\" decoding=\"async\" data-full-src=\"https:\/\/www.lavanguardia.com\/uploads\/2024\/09\/04\/66d88af083ca9.jpeg\" alt=\"Arrestado el exmarido de Shannen Doherty, tras amenazar con un cuchillo al personal de un hotel\" width=\"104\" height=\"108\" src=\"https:\/\/www.europesays.com\/es\/wp-content\/uploads\/2025\/11\/66d88af083ca9.jpeg\" class=\"lazy\"\/><\/p>\n<p data-gtm-element-container=\"modulo-texto-link\" class=\"paragraph\">Seg\u00fan documentos oficiales obtenidos por People, los abogados de Doherty afirman que Iswarienko no ha cumplido con varias \u201cobligaciones monetarias\u201d, entre ellas la venta de una propiedad en Dripping Springs, Texas -valorada en 1.5 millones de d\u00f3lares- cuyas ganancias deb\u00eda dividir a partes iguales con el patrimonio de la actriz. El fot\u00f3grafo se habr\u00eda negado a poner la casa en venta ya que actualmente se encuentra residiendo all\u00ed, seg\u00fan la \u00faltima direcci\u00f3n que proporcion\u00f3 su aboga, Harlee M. Gasmer.<\/p>\n<p data-gtm-element-container=\"modulo-texto-link\" class=\"paragraph\">Los documentos presentados por Christopher Corazzo, administrador de la herencia, indican que Iswarienko no ha devuelto los bienes acordados, entre ellos un cuadro de Salvador Dal\u00ed, una camioneta Ford de 1979 y dos Range Rover (de 2007 y 2019), ni ha entregado objetos personales y fotograf\u00edas de Doherty, que deb\u00eda devolver antes del 1 de septiembre de 2024.\u00a0<\/p>\n<p>                <img loading=\"lazy\" decoding=\"async\" data-full-src=\"https:\/\/www.lavanguardia.com\/uploads\/2023\/11\/30\/656826fdbcd0c.jpeg\" alt=\"Shannen Doherty no ha dejado de trabajar.\" width=\"449\" height=\"449\" src=\"https:\/\/www.europesays.com\/es\/wp-content\/uploads\/2025\/11\/656826fdbcd0c.jpeg\" class=\"lazy\"\/><\/p>\n<p class=\"caption-title \">Shannen Doherty no ha dejado de trabajar.<\/p>\n<p>                    Instagram.com\/theshando<\/p>\n<p data-gtm-element-container=\"modulo-texto-link\" class=\"paragraph\">Asimismo, tambi\u00e9n se afirma que Iswarienko deb\u00eda comprar la participaci\u00f3n de Doherty de un avi\u00f3n Mooney M-20 por 100.000 d\u00f3lares y transferir esa suma a su patrimonio tras la venta realizada en agosto de 2024. Sin embargo, este habr\u00eda retenido unilateralmente los 50.000 d\u00f3lares.<\/p>\n<p data-gtm-element-container=\"modulo-texto-link\" class=\"paragraph\">La estrella de Embrujadas present\u00f3 la solicitud de divorcio en 2023, tras 11 a\u00f1os de matrimonio, alegando diferencias irreconciliables. \u201cEl divorcio es lo \u00faltimo que Shannen quer\u00eda\u201d, dijo entonces su representante, Leslie Sloane. M\u00e1s tarde afirm\u00f3 que \u00e9l le hab\u00eda sido infiel durante su relaci\u00f3n y que lo descubri\u00f3 justo ante de someterse a una cirug\u00eda cerebral para extirpar el tumor. \u201cEntr\u00e9 en la operaci\u00f3n despu\u00e9s de enterarme de que mi matrimonio estaba pr\u00e1cticamente terminado, que mi esposo hab\u00eda tenido una aventura durante dos a\u00f1os\u201d, comparti\u00f3 en su podcast Lets be clear.\u00a0<\/p>\n<p data-gtm-element-container=\"modulo-texto-link\" class=\"paragraph\">Seg\u00fan los documentos presentados, Doherty firm\u00f3 la separaci\u00f3n el 12 de julio, renunciando a la manutenci\u00f3n conyugal, y Iswarienko sell\u00f3 el acuerdo un d\u00eda despu\u00e9s, el mismo d\u00eda de su muerte.\u00a0Con su fallecimiento, la disoluci\u00f3n qued\u00f3 en un limbo legal: en muchos sistemas jur\u00eddicos, la muerte interrumpe ciertos procesos de divorcio. Por ello, los abogados de la familia sostienen que todos los bienes que estaban en negociaci\u00f3n al momento de su muerte deben revertir a la herencia. Si los tribunales deciden que la disoluci\u00f3n no es v\u00e1lida por la muerte de una parte antes de su ejecuci\u00f3n completa, muchos de esos bienes podr\u00edan revertir al patrimonio de Doherty y, por tanto, llegar a sus heredero.<\/p>\n<p><script async src=\"\/\/www.instagram.com\/embed.js\"><\/script><\/p>\n","protected":false},"excerpt":{"rendered":"Un a\u00f1o y medio despu\u00e9s de su fallecimiento, la herencia de Shannen Doherty sigue envuelta en una encrucijada&hellip;\n","protected":false},"author":2,"featured_media":262467,"comment_status":"","ping_status":"","sticky":false,"template":"","format":"standard","meta":{"footnotes":""},"categories":[174],"tags":[255,146,147,25,24,256,23],"class_list":{"0":"post-262466","1":"post","2":"type-post","3":"status-publish","4":"format-standard","5":"has-post-thumbnail","7":"category-famosos","8":"tag-celebrities","9":"tag-entertainment","10":"tag-entretenimiento","11":"tag-es","12":"tag-espana","13":"tag-famosos","14":"tag-spain"},"share_on_mastodon":{"url":"https:\/\/pubeurope.com\/@es\/115634492498053778","error":""},"_links":{"self":[{"href":"https:\/\/www.europesays.com\/es\/wp-json\/wp\/v2\/posts\/262466","targetHints":{"allow":["GET"]}}],"collection":[{"href":"https:\/\/www.europesays.com\/es\/wp-json\/wp\/v2\/posts"}],"about":[{"href":"https:\/\/www.europesays.com\/es\/wp-json\/wp\/v2\/types\/post"}],"author":[{"embeddable":true,"href":"https:\/\/www.europesays.com\/es\/wp-json\/wp\/v2\/users\/2"}],"replies":[{"embeddable":true,"href":"https:\/\/www.europesays.com\/es\/wp-json\/wp\/v2\/comments?post=262466"}],"version-history":[{"count":0,"href":"https:\/\/www.europesays.com\/es\/wp-json\/wp\/v2\/posts\/262466\/revisions"}],"wp:featuredmedia":[{"embeddable":true,"href":"https:\/\/www.europesays.com\/es\/wp-json\/wp\/v2\/media\/262467"}],"wp:attachment":[{"href":"https:\/\/www.europesays.com\/es\/wp-json\/wp\/v2\/media?parent=262466"}],"wp:term":[{"taxonomy":"category","embeddable":true,"href":"https:\/\/www.europesays.com\/es\/wp-json\/wp\/v2\/categories?post=262466"},{"taxonomy":"post_tag","embeddable":true,"href":"https:\/\/www.europesays.com\/es\/wp-json\/wp\/v2\/tags?post=262466"}],"curies":[{"name":"wp","href":"https:\/\/api.w.org\/{rel}","templated":true}]}}