{"id":262468,"date":"2025-11-29T18:51:11","date_gmt":"2025-11-29T18:51:11","guid":{"rendered":"https:\/\/www.europesays.com\/es\/262468\/"},"modified":"2025-11-29T18:51:11","modified_gmt":"2025-11-29T18:51:11","slug":"la-esencia-del-nino-hierro-una-escultura-ubicada-en-un-gran-enclave-flamenco","status":"publish","type":"post","link":"https:\/\/www.europesays.com\/es\/262468\/","title":{"rendered":"La esencia del \u00abNi\u00f1o Hierro\u00bb, una escultura ubicada en un gran enclave flamenco"},"content":{"rendered":"<p>Una iniciativa de la\u00a0Asociaci\u00f3n Amigos de Puente Genil y la familia del artista. La escultura se ha descubierto este mediod\u00eda , ubicada \u00a0en la calle Angelita Mart\u00edn Flores, esquina con calle P\u00f3sito, un busto en bronce realizado por el escultor andaluz\u00a0<strong>Jos\u00e9 Mar\u00eda Serrano Carriel<\/strong>. Una original representaci\u00f3n del artista en su momento de auge, con el habitual sombrero, sonrisa p\u00edcara que busca una respuesta del espectador. El enclave re\u00fane la esencia flamenca y de la vida del cantaor. De un lado, su casa en el n\u00famero 27 de la calle Angelita Mart\u00edn, la Casa Grande, en la que vivi\u00f3 Fosforito, Los Ap\u00f3stoles, el otro busto, el de Miguel Romero\u2026<\/p>\n<p>El evento conducido magistralmente por Juan Ortega Chac\u00f3n, ha contado con la presencia del Alcalde, Sergio Velasco, el presidente de la Asociaci\u00f3n Amigos de Puente Genil, Alvaro de la Fuente; el nieto del distinguido, Emilio Garc\u00eda, el autor de la obra, Jos\u00e9 M. Serrano. Ha asistido el director de la C\u00e1tedra de Flamencolog\u00eda, David Pino, as\u00ed como el concejal de Presidencia, Javier Villafranca y la edil de Cultura, Mar\u00eda Delgado y el portavoz socialista, Jos\u00e9 A. G\u00f3mez. Tambi\u00e9n ha estado presente, Jos\u00e9 Luis Borrego, otro de los impulsores de la iniciativa.<\/p>\n<p>El nieto del cantaor, Emilio Garc\u00eda, ha donado ya al ayuntamiento todo el legado de su abuelo que ha ido recopilando minuciosamente durante cuarenta a\u00f1os, con el descubrimiento de este monumento cumple con el deseo de su abuelo de dar al pueblo lo que es del pueblo. El nieto ha donado un azulejo que reza junto al monolito, una obra de Javier Aguilar, y en el que se recoge la siguiente frase de Agust\u00edn G\u00f3mez sobre el maestro \u00abEl terciopelo de su voz es una caricia inigualable para el o\u00eddo\u00bb.<\/p>\n<p>Sergio Velasco se ha referido al monumento como una muestra\u00a0 \u00a0que \u00abdevuelve la esencia y la genialidad de un cantaor trascendental\u00bb y se ha referido a Hierro como un ejemplo \u00abdel amor a Puente Genil encarnado en su garganta\u00bb.<\/p>\n<p>La escultura algo m\u00e1s de un busto encierra muchas capas y una originalidad, en la espalda, se recoge a Jes\u00fas Nazareno, del que Hierro fue un fiel devoto. Aparece firmando con una pluma sobre el monolito- su autor ha dicho que a trav\u00e9s de Hiero \u00abme he enamorado de Puente Genil y de la esencia del cantaor\u00bb.<\/p>\n<p>Ni\u00f1o Hierro fue un cantaor de referencia nacional en los a\u00f1os 20 del siglo pasado y eslab\u00f3n clave entre el cante antiguo y el flamenco contempor\u00e1neo.\u00a0Juan Garc\u00eda Ruiz, conocido art\u00edsticamente como \u00abNi\u00f1o Hierro\u00bb, naci\u00f3 el 10 de noviembre de 1899 en Puente Genil, C\u00f3rdoba, y falleci\u00f3 el 18 de octubre de 1987 en la misma localidad. Fue un destacado cantaor de flamenco y, junto a su hermano Manuel, renovador de la saeta cuartelera de Puente Genil.<\/p>\n","protected":false},"excerpt":{"rendered":"Una iniciativa de la\u00a0Asociaci\u00f3n Amigos de Puente Genil y la familia del artista. La escultura se ha descubierto&hellip;\n","protected":false},"author":2,"featured_media":262469,"comment_status":"","ping_status":"","sticky":false,"template":"","format":"standard","meta":{"footnotes":""},"categories":[173],"tags":[229,233,231,230,232,234,146,147,25,24,23],"class_list":{"0":"post-262468","1":"post","2":"type-post","3":"status-publish","4":"format-standard","5":"has-post-thumbnail","7":"category-arte-y-diseno","8":"tag-arte","9":"tag-arte-y-diseno","10":"tag-arts","11":"tag-arts-and-design","12":"tag-design","13":"tag-diseno","14":"tag-entertainment","15":"tag-entretenimiento","16":"tag-es","17":"tag-espana","18":"tag-spain"},"share_on_mastodon":{"url":"https:\/\/pubeurope.com\/@es\/115634496036455588","error":""},"_links":{"self":[{"href":"https:\/\/www.europesays.com\/es\/wp-json\/wp\/v2\/posts\/262468","targetHints":{"allow":["GET"]}}],"collection":[{"href":"https:\/\/www.europesays.com\/es\/wp-json\/wp\/v2\/posts"}],"about":[{"href":"https:\/\/www.europesays.com\/es\/wp-json\/wp\/v2\/types\/post"}],"author":[{"embeddable":true,"href":"https:\/\/www.europesays.com\/es\/wp-json\/wp\/v2\/users\/2"}],"replies":[{"embeddable":true,"href":"https:\/\/www.europesays.com\/es\/wp-json\/wp\/v2\/comments?post=262468"}],"version-history":[{"count":0,"href":"https:\/\/www.europesays.com\/es\/wp-json\/wp\/v2\/posts\/262468\/revisions"}],"wp:featuredmedia":[{"embeddable":true,"href":"https:\/\/www.europesays.com\/es\/wp-json\/wp\/v2\/media\/262469"}],"wp:attachment":[{"href":"https:\/\/www.europesays.com\/es\/wp-json\/wp\/v2\/media?parent=262468"}],"wp:term":[{"taxonomy":"category","embeddable":true,"href":"https:\/\/www.europesays.com\/es\/wp-json\/wp\/v2\/categories?post=262468"},{"taxonomy":"post_tag","embeddable":true,"href":"https:\/\/www.europesays.com\/es\/wp-json\/wp\/v2\/tags?post=262468"}],"curies":[{"name":"wp","href":"https:\/\/api.w.org\/{rel}","templated":true}]}}